{"id":3718,"date":"2025-02-17T14:43:24","date_gmt":"2025-02-17T13:43:24","guid":{"rendered":"https:\/\/reckinger-alfred.lu\/?p=3718"},"modified":"2025-02-17T14:43:24","modified_gmt":"2025-02-17T13:43:24","slug":"reckinger-x-ck-fitness-un-partenariat-au-service-du-bien-etre","status":"publish","type":"post","link":"https:\/\/reckinger-alfred.lu\/fr\/reckinger-x-ck-fitness-un-partenariat-au-service-du-bien-etre\/","title":{"rendered":"Reckinger x CK Fitness : un partenariat au service du bien-\u00eatre"},"content":{"rendered":"<p data-start=\"162\" data-end=\"483\">Chez <strong data-start=\"167\" data-end=\"180\">Reckinger<\/strong>, nous avons toujours plac\u00e9 <strong data-start=\"208\" data-end=\"248\">l\u2019humain au c\u0153ur de notre engagement<\/strong>. Parce que le bien-\u00eatre de nos \u00e9quipes contribue directement \u00e0 leur \u00e9panouissement et \u00e0 la performance collective, nous avons nou\u00e9 un <strong data-start=\"383\" data-end=\"414\">partenariat avec CK Fitness<\/strong>, une entreprise familiale luxembourgeoise qui partage nos valeurs.<\/p>\n<h2 data-start=\"485\" data-end=\"546\"><strong data-start=\"488\" data-end=\"544\">CK Fitness et Reckinger : une alliance qui fait sens<\/strong><\/h2>\n<p data-start=\"548\" data-end=\"837\">Ce partenariat repose sur des valeurs communes :<br data-start=\"596\" data-end=\"599\" \/>\u2714\ufe0f <strong data-start=\"602\" data-end=\"633\">Deux entreprises familiales<\/strong> avec une histoire forte et un engagement humain<br data-start=\"681\" data-end=\"684\" \/>\u2714\ufe0f <strong data-start=\"687\" data-end=\"716\">Un ancrage luxembourgeois<\/strong>, au service des particuliers et des professionnels<br data-start=\"767\" data-end=\"770\" \/>\u2714\ufe0f <strong data-start=\"773\" data-end=\"835\">Une volont\u00e9 commune de promouvoir la sant\u00e9 et le bien-\u00eatre<\/strong><\/p>\n<p data-start=\"839\" data-end=\"1134\">Depuis toujours, <strong data-start=\"856\" data-end=\"915\">Reckinger s\u2019engage pour le confort et la qualit\u00e9 de vie<\/strong>, que ce soit \u00e0 travers nos prestations ou nos engagements internes. De son c\u00f4t\u00e9, <strong data-start=\"997\" data-end=\"1011\">CK Fitness<\/strong> accompagne celles et ceux qui souhaitent prendre soin d\u2019eux gr\u00e2ce \u00e0 une approche personnalis\u00e9e du sport et du bien-\u00eatre.<\/p>\n<h2 data-start=\"1136\" data-end=\"1195\"><strong data-start=\"1139\" data-end=\"1193\">Le bien-\u00eatre au travail : un levier de performance<\/strong><\/h2>\n<p data-start=\"1197\" data-end=\"1532\">Encourager la pratique sportive et la d\u00e9tente, c\u2019est aussi agir pour un <strong data-start=\"1269\" data-end=\"1297\">\u00e9quilibre de vie optimal<\/strong>. Un corps en mouvement, c\u2019est :<br data-start=\"1329\" data-end=\"1332\" \/>\ud83d\udd39 <strong data-start=\"1335\" data-end=\"1372\">Moins de stress et plus d\u2019\u00e9nergie<\/strong> au quotidien<br data-start=\"1385\" data-end=\"1388\" \/>\ud83d\udd39 <strong data-start=\"1391\" data-end=\"1449\">Une meilleure concentration et une productivit\u00e9 accrue<\/strong><br data-start=\"1449\" data-end=\"1452\" \/>\ud83d\udd39 <strong data-start=\"1455\" data-end=\"1530\">Un esprit plus sain pour relever les d\u00e9fis professionnels et personnels<\/strong><\/p>\n<p data-start=\"1534\" data-end=\"1704\">En nouant ce partenariat, nous affirmons notre engagement en faveur d\u2019un <strong data-start=\"1607\" data-end=\"1645\">cadre de travail sain et dynamique<\/strong>, o\u00f9 chacun peut \u00e9voluer avec <strong data-start=\"1675\" data-end=\"1701\">motivation et s\u00e9r\u00e9nit\u00e9<\/strong>.<\/p>\n<h2 data-start=\"1706\" data-end=\"1750\"><strong data-start=\"1709\" data-end=\"1748\">Un partenariat tourn\u00e9 vers l\u2019avenir<\/strong><\/h2>\n<p data-start=\"1752\" data-end=\"2025\">Nous sommes convaincus que la sant\u00e9 et le bien-\u00eatre sont des <strong data-start=\"1813\" data-end=\"1862\">facteurs cl\u00e9s de r\u00e9ussite et d\u2019\u00e9panouissement<\/strong>. Cette collaboration avec CK Fitness s\u2019inscrit donc pleinement dans notre volont\u00e9 de cr\u00e9er un environnement propice au d\u00e9veloppement personnel et professionnel.<\/p>\n<p data-start=\"2027\" data-end=\"2149\">Chez <strong data-start=\"2032\" data-end=\"2045\">Reckinger<\/strong>, nous avan\u00e7ons avec la certitude que <strong data-start=\"2083\" data-end=\"2146\">des \u00e9quipes en pleine forme sont la cl\u00e9 d\u2019un succ\u00e8s durable<\/strong>.<\/p>\n<p data-start=\"2027\" data-end=\"2149\">&#8212;<\/p>\n<p data-start=\"2151\" data-end=\"2221\">\ud83d\udccd <strong data-start=\"2154\" data-end=\"2189\">En savoir plus sur CK Fitness : <\/strong><a href=\"https:\/\/www.ck-fitness.lu\/fr\">ck-fitness.lu<\/a><\/p>\n<p data-start=\"2342\" data-end=\"2434\">#Reckinger #CKFitness #Partenariat #Bien\u00catreAuTravail #SportEtSant\u00e9 #EntreprisesFamiliales<\/p>\n<p data-start=\"2342\" data-end=\"2434\">&#8212;<\/p>\n<p data-start=\"2342\" data-end=\"2434\"><img loading=\"lazy\" decoding=\"async\" class=\"alignnone size-large wp-image-3721\" src=\"https:\/\/reckinger-alfred.lu\/app\/uploads\/2025\/02\/Partenariat-CK-header-1024x577.png\" alt=\"\" width=\"1024\" height=\"577\" srcset=\"https:\/\/reckinger-alfred.lu\/app\/uploads\/2025\/02\/Partenariat-CK-header-1024x577.png 1024w, https:\/\/reckinger-alfred.lu\/app\/uploads\/2025\/02\/Partenariat-CK-header-300x169.png 300w, https:\/\/reckinger-alfred.lu\/app\/uploads\/2025\/02\/Partenariat-CK-header-768x433.png 768w, https:\/\/reckinger-alfred.lu\/app\/uploads\/2025\/02\/Partenariat-CK-header-1536x865.png 1536w, https:\/\/reckinger-alfred.lu\/app\/uploads\/2025\/02\/Partenariat-CK-header-512x288.png 512w, https:\/\/reckinger-alfred.lu\/app\/uploads\/2025\/02\/Partenariat-CK-header-758x427.png 758w, https:\/\/reckinger-alfred.lu\/app\/uploads\/2025\/02\/Partenariat-CK-header.png 1640w\" sizes=\"auto, (max-width: 1024px) 100vw, 1024px\" \/><\/p>\n","protected":false},"excerpt":{"rendered":"<p>Notre partenariat avec CK Fitness refl\u00e8te notre volont\u00e9 de promouvoir la sant\u00e9 et la performance&#8230;<\/p>\n","protected":false},"author":2,"featured_media":3721,"comment_status":"open","ping_status":"open","sticky":false,"template":"","format":"standard","meta":{"inline_featured_image":false,"footnotes":""},"categories":[12],"tags":[],"class_list":["post-3718","post","type-post","status-publish","format-standard","has-post-thumbnail","hentry","category-actualites"],"acf":[],"yoast_head":"<!-- This site is optimized with the Yoast SEO plugin v23.9 - https:\/\/yoast.com\/wordpress\/plugins\/seo\/ -->\n<title>Reckinger x CK Fitness : un partenariat au service du bien-\u00eatre : Reckinger Alfred S.A.<\/title>\n<meta name=\"robots\" content=\"index, follow, max-snippet:-1, max-image-preview:large, max-video-preview:-1\" \/>\n<link rel=\"canonical\" href=\"https:\/\/reckinger-alfred.lu\/fr\/reckinger-x-ck-fitness-un-partenariat-au-service-du-bien-etre\/\" \/>\n<meta property=\"og:locale\" content=\"fr_FR\" \/>\n<meta property=\"og:type\" content=\"article\" \/>\n<meta property=\"og:title\" content=\"Reckinger x CK Fitness : un partenariat au service du bien-\u00eatre : Reckinger Alfred S.A.\" \/>\n<meta property=\"og:description\" content=\"Notre partenariat avec CK Fitness refl\u00e8te notre volont\u00e9 de promouvoir la sant\u00e9 et la performance...\" \/>\n<meta property=\"og:url\" content=\"https:\/\/reckinger-alfred.lu\/fr\/reckinger-x-ck-fitness-un-partenariat-au-service-du-bien-etre\/\" \/>\n<meta property=\"og:site_name\" content=\"Reckinger Alfred S.A.\" \/>\n<meta property=\"article:publisher\" content=\"https:\/\/www.facebook.com\/reckinger.air.eau\/\" \/>\n<meta property=\"article:published_time\" content=\"2025-02-17T13:43:24+00:00\" \/>\n<meta property=\"og:image\" content=\"https:\/\/reckinger-alfred.lu\/app\/uploads\/2025\/02\/Partenariat-CK-header.png\" \/>\n\t<meta property=\"og:image:width\" content=\"1640\" \/>\n\t<meta property=\"og:image:height\" content=\"924\" \/>\n\t<meta property=\"og:image:type\" content=\"image\/png\" \/>\n<meta name=\"author\" content=\"Anastassia Krivov\" \/>\n<meta name=\"twitter:card\" content=\"summary_large_image\" \/>\n<meta name=\"twitter:label1\" content=\"Written by\" \/>\n\t<meta name=\"twitter:data1\" content=\"Anastassia Krivov\" \/>\n\t<meta name=\"twitter:label2\" content=\"Est. reading time\" \/>\n\t<meta name=\"twitter:data2\" content=\"2 minutes\" \/>\n<script type=\"application\/ld+json\" class=\"yoast-schema-graph\">{\"@context\":\"https:\/\/schema.org\",\"@graph\":[{\"@type\":\"Article\",\"@id\":\"https:\/\/reckinger-alfred.lu\/fr\/reckinger-x-ck-fitness-un-partenariat-au-service-du-bien-etre\/#article\",\"isPartOf\":{\"@id\":\"https:\/\/reckinger-alfred.lu\/fr\/reckinger-x-ck-fitness-un-partenariat-au-service-du-bien-etre\/\"},\"author\":{\"name\":\"Anastassia Krivov\",\"@id\":\"https:\/\/reckinger-alfred.lu\/fr\/#\/schema\/person\/68f91e4250f652d446ba0cb77c37fb02\"},\"headline\":\"Reckinger x CK Fitness : un partenariat au service du bien-\u00eatre\",\"datePublished\":\"2025-02-17T13:43:24+00:00\",\"dateModified\":\"2025-02-17T13:43:24+00:00\",\"mainEntityOfPage\":{\"@id\":\"https:\/\/reckinger-alfred.lu\/fr\/reckinger-x-ck-fitness-un-partenariat-au-service-du-bien-etre\/\"},\"wordCount\":335,\"commentCount\":0,\"publisher\":{\"@id\":\"https:\/\/reckinger-alfred.lu\/fr\/#organization\"},\"image\":{\"@id\":\"https:\/\/reckinger-alfred.lu\/fr\/reckinger-x-ck-fitness-un-partenariat-au-service-du-bien-etre\/#primaryimage\"},\"thumbnailUrl\":\"https:\/\/reckinger-alfred.lu\/app\/uploads\/2025\/02\/Partenariat-CK-header.png\",\"articleSection\":[\"Actualit\u00e9s\"],\"inLanguage\":\"fr-FR\",\"potentialAction\":[{\"@type\":\"CommentAction\",\"name\":\"Comment\",\"target\":[\"https:\/\/reckinger-alfred.lu\/fr\/reckinger-x-ck-fitness-un-partenariat-au-service-du-bien-etre\/#respond\"]}]},{\"@type\":\"WebPage\",\"@id\":\"https:\/\/reckinger-alfred.lu\/fr\/reckinger-x-ck-fitness-un-partenariat-au-service-du-bien-etre\/\",\"url\":\"https:\/\/reckinger-alfred.lu\/fr\/reckinger-x-ck-fitness-un-partenariat-au-service-du-bien-etre\/\",\"name\":\"Reckinger x CK Fitness : un partenariat au service du bien-\u00eatre : Reckinger Alfred S.A.\",\"isPartOf\":{\"@id\":\"https:\/\/reckinger-alfred.lu\/fr\/#website\"},\"primaryImageOfPage\":{\"@id\":\"https:\/\/reckinger-alfred.lu\/fr\/reckinger-x-ck-fitness-un-partenariat-au-service-du-bien-etre\/#primaryimage\"},\"image\":{\"@id\":\"https:\/\/reckinger-alfred.lu\/fr\/reckinger-x-ck-fitness-un-partenariat-au-service-du-bien-etre\/#primaryimage\"},\"thumbnailUrl\":\"https:\/\/reckinger-alfred.lu\/app\/uploads\/2025\/02\/Partenariat-CK-header.png\",\"datePublished\":\"2025-02-17T13:43:24+00:00\",\"dateModified\":\"2025-02-17T13:43:24+00:00\",\"breadcrumb\":{\"@id\":\"https:\/\/reckinger-alfred.lu\/fr\/reckinger-x-ck-fitness-un-partenariat-au-service-du-bien-etre\/#breadcrumb\"},\"inLanguage\":\"fr-FR\",\"potentialAction\":[{\"@type\":\"ReadAction\",\"target\":[\"https:\/\/reckinger-alfred.lu\/fr\/reckinger-x-ck-fitness-un-partenariat-au-service-du-bien-etre\/\"]}]},{\"@type\":\"ImageObject\",\"inLanguage\":\"fr-FR\",\"@id\":\"https:\/\/reckinger-alfred.lu\/fr\/reckinger-x-ck-fitness-un-partenariat-au-service-du-bien-etre\/#primaryimage\",\"url\":\"https:\/\/reckinger-alfred.lu\/app\/uploads\/2025\/02\/Partenariat-CK-header.png\",\"contentUrl\":\"https:\/\/reckinger-alfred.lu\/app\/uploads\/2025\/02\/Partenariat-CK-header.png\",\"width\":1640,\"height\":924},{\"@type\":\"BreadcrumbList\",\"@id\":\"https:\/\/reckinger-alfred.lu\/fr\/reckinger-x-ck-fitness-un-partenariat-au-service-du-bien-etre\/#breadcrumb\",\"itemListElement\":[{\"@type\":\"ListItem\",\"position\":1,\"name\":\"Home\",\"item\":\"https:\/\/reckinger-alfred.lu\/fr\/\"},{\"@type\":\"ListItem\",\"position\":2,\"name\":\"Reckinger x CK Fitness : un partenariat au service du bien-\u00eatre\"}]},{\"@type\":\"WebSite\",\"@id\":\"https:\/\/reckinger-alfred.lu\/fr\/#website\",\"url\":\"https:\/\/reckinger-alfred.lu\/fr\/\",\"name\":\"Reckinger Alfred S.A.\",\"description\":\"Air et Eau depuis 1911\",\"publisher\":{\"@id\":\"https:\/\/reckinger-alfred.lu\/fr\/#organization\"},\"potentialAction\":[{\"@type\":\"SearchAction\",\"target\":{\"@type\":\"EntryPoint\",\"urlTemplate\":\"https:\/\/reckinger-alfred.lu\/fr\/?s={search_term_string}\"},\"query-input\":{\"@type\":\"PropertyValueSpecification\",\"valueRequired\":true,\"valueName\":\"search_term_string\"}}],\"inLanguage\":\"fr-FR\"},{\"@type\":\"Organization\",\"@id\":\"https:\/\/reckinger-alfred.lu\/fr\/#organization\",\"name\":\"Reckinger Alfred S.A.\",\"url\":\"https:\/\/reckinger-alfred.lu\/fr\/\",\"logo\":{\"@type\":\"ImageObject\",\"inLanguage\":\"fr-FR\",\"@id\":\"https:\/\/reckinger-alfred.lu\/fr\/#\/schema\/logo\/image\/\",\"url\":\"https:\/\/reckinger-alfred.lu\/app\/uploads\/2021\/10\/logo-reckinger-color@2x.png\",\"contentUrl\":\"https:\/\/reckinger-alfred.lu\/app\/uploads\/2021\/10\/logo-reckinger-color@2x.png\",\"width\":372,\"height\":123,\"caption\":\"Reckinger Alfred S.A.\"},\"image\":{\"@id\":\"https:\/\/reckinger-alfred.lu\/fr\/#\/schema\/logo\/image\/\"},\"sameAs\":[\"https:\/\/www.facebook.com\/reckinger.air.eau\/\",\"https:\/\/www.instagram.com\/reckingeralfred.sa\/\"]},{\"@type\":\"Person\",\"@id\":\"https:\/\/reckinger-alfred.lu\/fr\/#\/schema\/person\/68f91e4250f652d446ba0cb77c37fb02\",\"name\":\"Anastassia Krivov\",\"image\":{\"@type\":\"ImageObject\",\"inLanguage\":\"fr-FR\",\"@id\":\"https:\/\/reckinger-alfred.lu\/fr\/#\/schema\/person\/image\/\",\"url\":\"https:\/\/secure.gravatar.com\/avatar\/63c428ce711fcc5e6b44307459ba7b89?s=96&d=mm&r=g\",\"contentUrl\":\"https:\/\/secure.gravatar.com\/avatar\/63c428ce711fcc5e6b44307459ba7b89?s=96&d=mm&r=g\",\"caption\":\"Anastassia Krivov\"}}]}<\/script>\n<!-- \/ Yoast SEO plugin. -->","yoast_head_json":{"title":"Reckinger x CK Fitness : un partenariat au service du bien-\u00eatre : Reckinger Alfred S.A.","robots":{"index":"index","follow":"follow","max-snippet":"max-snippet:-1","max-image-preview":"max-image-preview:large","max-video-preview":"max-video-preview:-1"},"canonical":"https:\/\/reckinger-alfred.lu\/fr\/reckinger-x-ck-fitness-un-partenariat-au-service-du-bien-etre\/","og_locale":"fr_FR","og_type":"article","og_title":"Reckinger x CK Fitness : un partenariat au service du bien-\u00eatre : Reckinger Alfred S.A.","og_description":"Notre partenariat avec CK Fitness refl\u00e8te notre volont\u00e9 de promouvoir la sant\u00e9 et la performance...","og_url":"https:\/\/reckinger-alfred.lu\/fr\/reckinger-x-ck-fitness-un-partenariat-au-service-du-bien-etre\/","og_site_name":"Reckinger Alfred S.A.","article_publisher":"https:\/\/www.facebook.com\/reckinger.air.eau\/","article_published_time":"2025-02-17T13:43:24+00:00","og_image":[{"width":1640,"height":924,"url":"https:\/\/reckinger-alfred.lu\/app\/uploads\/2025\/02\/Partenariat-CK-header.png","type":"image\/png"}],"author":"Anastassia Krivov","twitter_card":"summary_large_image","twitter_misc":{"Written by":"Anastassia Krivov","Est. reading time":"2 minutes"},"schema":{"@context":"https:\/\/schema.org","@graph":[{"@type":"Article","@id":"https:\/\/reckinger-alfred.lu\/fr\/reckinger-x-ck-fitness-un-partenariat-au-service-du-bien-etre\/#article","isPartOf":{"@id":"https:\/\/reckinger-alfred.lu\/fr\/reckinger-x-ck-fitness-un-partenariat-au-service-du-bien-etre\/"},"author":{"name":"Anastassia Krivov","@id":"https:\/\/reckinger-alfred.lu\/fr\/#\/schema\/person\/68f91e4250f652d446ba0cb77c37fb02"},"headline":"Reckinger x CK Fitness : un partenariat au service du bien-\u00eatre","datePublished":"2025-02-17T13:43:24+00:00","dateModified":"2025-02-17T13:43:24+00:00","mainEntityOfPage":{"@id":"https:\/\/reckinger-alfred.lu\/fr\/reckinger-x-ck-fitness-un-partenariat-au-service-du-bien-etre\/"},"wordCount":335,"commentCount":0,"publisher":{"@id":"https:\/\/reckinger-alfred.lu\/fr\/#organization"},"image":{"@id":"https:\/\/reckinger-alfred.lu\/fr\/reckinger-x-ck-fitness-un-partenariat-au-service-du-bien-etre\/#primaryimage"},"thumbnailUrl":"https:\/\/reckinger-alfred.lu\/app\/uploads\/2025\/02\/Partenariat-CK-header.png","articleSection":["Actualit\u00e9s"],"inLanguage":"fr-FR","potentialAction":[{"@type":"CommentAction","name":"Comment","target":["https:\/\/reckinger-alfred.lu\/fr\/reckinger-x-ck-fitness-un-partenariat-au-service-du-bien-etre\/#respond"]}]},{"@type":"WebPage","@id":"https:\/\/reckinger-alfred.lu\/fr\/reckinger-x-ck-fitness-un-partenariat-au-service-du-bien-etre\/","url":"https:\/\/reckinger-alfred.lu\/fr\/reckinger-x-ck-fitness-un-partenariat-au-service-du-bien-etre\/","name":"Reckinger x CK Fitness : un partenariat au service du bien-\u00eatre : Reckinger Alfred S.A.","isPartOf":{"@id":"https:\/\/reckinger-alfred.lu\/fr\/#website"},"primaryImageOfPage":{"@id":"https:\/\/reckinger-alfred.lu\/fr\/reckinger-x-ck-fitness-un-partenariat-au-service-du-bien-etre\/#primaryimage"},"image":{"@id":"https:\/\/reckinger-alfred.lu\/fr\/reckinger-x-ck-fitness-un-partenariat-au-service-du-bien-etre\/#primaryimage"},"thumbnailUrl":"https:\/\/reckinger-alfred.lu\/app\/uploads\/2025\/02\/Partenariat-CK-header.png","datePublished":"2025-02-17T13:43:24+00:00","dateModified":"2025-02-17T13:43:24+00:00","breadcrumb":{"@id":"https:\/\/reckinger-alfred.lu\/fr\/reckinger-x-ck-fitness-un-partenariat-au-service-du-bien-etre\/#breadcrumb"},"inLanguage":"fr-FR","potentialAction":[{"@type":"ReadAction","target":["https:\/\/reckinger-alfred.lu\/fr\/reckinger-x-ck-fitness-un-partenariat-au-service-du-bien-etre\/"]}]},{"@type":"ImageObject","inLanguage":"fr-FR","@id":"https:\/\/reckinger-alfred.lu\/fr\/reckinger-x-ck-fitness-un-partenariat-au-service-du-bien-etre\/#primaryimage","url":"https:\/\/reckinger-alfred.lu\/app\/uploads\/2025\/02\/Partenariat-CK-header.png","contentUrl":"https:\/\/reckinger-alfred.lu\/app\/uploads\/2025\/02\/Partenariat-CK-header.png","width":1640,"height":924},{"@type":"BreadcrumbList","@id":"https:\/\/reckinger-alfred.lu\/fr\/reckinger-x-ck-fitness-un-partenariat-au-service-du-bien-etre\/#breadcrumb","itemListElement":[{"@type":"ListItem","position":1,"name":"Home","item":"https:\/\/reckinger-alfred.lu\/fr\/"},{"@type":"ListItem","position":2,"name":"Reckinger x CK Fitness : un partenariat au service du bien-\u00eatre"}]},{"@type":"WebSite","@id":"https:\/\/reckinger-alfred.lu\/fr\/#website","url":"https:\/\/reckinger-alfred.lu\/fr\/","name":"Reckinger Alfred S.A.","description":"Air et Eau depuis 1911","publisher":{"@id":"https:\/\/reckinger-alfred.lu\/fr\/#organization"},"potentialAction":[{"@type":"SearchAction","target":{"@type":"EntryPoint","urlTemplate":"https:\/\/reckinger-alfred.lu\/fr\/?s={search_term_string}"},"query-input":{"@type":"PropertyValueSpecification","valueRequired":true,"valueName":"search_term_string"}}],"inLanguage":"fr-FR"},{"@type":"Organization","@id":"https:\/\/reckinger-alfred.lu\/fr\/#organization","name":"Reckinger Alfred S.A.","url":"https:\/\/reckinger-alfred.lu\/fr\/","logo":{"@type":"ImageObject","inLanguage":"fr-FR","@id":"https:\/\/reckinger-alfred.lu\/fr\/#\/schema\/logo\/image\/","url":"https:\/\/reckinger-alfred.lu\/app\/uploads\/2021\/10\/logo-reckinger-color@2x.png","contentUrl":"https:\/\/reckinger-alfred.lu\/app\/uploads\/2021\/10\/logo-reckinger-color@2x.png","width":372,"height":123,"caption":"Reckinger Alfred S.A."},"image":{"@id":"https:\/\/reckinger-alfred.lu\/fr\/#\/schema\/logo\/image\/"},"sameAs":["https:\/\/www.facebook.com\/reckinger.air.eau\/","https:\/\/www.instagram.com\/reckingeralfred.sa\/"]},{"@type":"Person","@id":"https:\/\/reckinger-alfred.lu\/fr\/#\/schema\/person\/68f91e4250f652d446ba0cb77c37fb02","name":"Anastassia Krivov","image":{"@type":"ImageObject","inLanguage":"fr-FR","@id":"https:\/\/reckinger-alfred.lu\/fr\/#\/schema\/person\/image\/","url":"https:\/\/secure.gravatar.com\/avatar\/63c428ce711fcc5e6b44307459ba7b89?s=96&d=mm&r=g","contentUrl":"https:\/\/secure.gravatar.com\/avatar\/63c428ce711fcc5e6b44307459ba7b89?s=96&d=mm&r=g","caption":"Anastassia Krivov"}}]}},"_links":{"self":[{"href":"https:\/\/reckinger-alfred.lu\/fr\/wp-json\/wp\/v2\/posts\/3718","targetHints":{"allow":["GET"]}}],"collection":[{"href":"https:\/\/reckinger-alfred.lu\/fr\/wp-json\/wp\/v2\/posts"}],"about":[{"href":"https:\/\/reckinger-alfred.lu\/fr\/wp-json\/wp\/v2\/types\/post"}],"author":[{"embeddable":true,"href":"https:\/\/reckinger-alfred.lu\/fr\/wp-json\/wp\/v2\/users\/2"}],"replies":[{"embeddable":true,"href":"https:\/\/reckinger-alfred.lu\/fr\/wp-json\/wp\/v2\/comments?post=3718"}],"version-history":[{"count":16,"href":"https:\/\/reckinger-alfred.lu\/fr\/wp-json\/wp\/v2\/posts\/3718\/revisions"}],"predecessor-version":[{"id":3754,"href":"https:\/\/reckinger-alfred.lu\/fr\/wp-json\/wp\/v2\/posts\/3718\/revisions\/3754"}],"wp:featuredmedia":[{"embeddable":true,"href":"https:\/\/reckinger-alfred.lu\/fr\/wp-json\/wp\/v2\/media\/3721"}],"wp:attachment":[{"href":"https:\/\/reckinger-alfred.lu\/fr\/wp-json\/wp\/v2\/media?parent=3718"}],"wp:term":[{"taxonomy":"category","embeddable":true,"href":"https:\/\/reckinger-alfred.lu\/fr\/wp-json\/wp\/v2\/categories?post=3718"},{"taxonomy":"post_tag","embeddable":true,"href":"https:\/\/reckinger-alfred.lu\/fr\/wp-json\/wp\/v2\/tags?post=3718"}],"curies":[{"name":"wp","href":"https:\/\/api.w.org\/{rel}","templated":true}]}}