{"id":3228,"date":"2024-05-13T15:57:00","date_gmt":"2024-05-13T13:57:00","guid":{"rendered":"https:\/\/reckinger-alfred.lu\/?p=3228"},"modified":"2025-12-09T13:21:19","modified_gmt":"2025-12-09T12:21:19","slug":"installeur-agree-solarcells-luxembourg","status":"publish","type":"post","link":"https:\/\/reckinger-alfred.lu\/fr\/installeur-agree-solarcells-luxembourg\/","title":{"rendered":"Reckinger &#8211; installeur agr\u00e9\u00e9 Solarcells Luxembourg"},"content":{"rendered":"<p>Savez-vous qu&#8217;il existe un producteur luxembourgeois de \ud835\uddfd\ud835\uddee\ud835\uddfb\ud835\uddfb\ud835\uddf2\ud835\uddee\ud835\ude02\ud835\ude05 \ud835\uddfd\ud835\uddf5\ud835\uddfc\ud835\ude01\ud835\uddfc\ud835\ude03\ud835\uddfc\ud835\uddf9\ud835\ude01\ud835\uddee\ud835\uddf6\u0308\ud835\uddfe\ud835\ude02\ud835\uddf2\ud835\ude00 ?<\/p>\n<p>Et oui, il s&#8217;agit de\u00a0<a href=\"http:\/\/www.solarcells.lu\" target=\"_blank\" rel=\"noopener\" data-attribute-index=\"0\" data-entity-type=\"MINI_COMPANY\">Solarcells Luxembourg S.A.<\/a>\u00a0dont la production est install\u00e9e \u00e0 Hollerich.<\/p>\n<p>Alors si vous souhaitez passer aux \ud835\uddf2\u0301\ud835\uddfb\ud835\uddf2\ud835\uddff\ud835\uddf4\ud835\uddf6\ud835\uddf2\ud835\ude00 \ud835\uddff\ud835\uddf2\ud835\uddfb\ud835\uddfc\ud835\ude02\ud835\ude03\ud835\uddf2\ud835\uddf9\ud835\uddee\ud835\uddef\ud835\uddf9\ud835\uddf2\ud835\ude00 tout en favorisant l&#8217;\ud835\uddf2\u0301\ud835\uddf0\ud835\uddfc\ud835\uddfb\ud835\uddfc\ud835\uddfa\ud835\uddf6\ud835\uddf2 \ud835\uddf9\ud835\uddfc\ud835\uddf0\ud835\uddee\ud835\uddf9\ud835\uddf2 et en \ud835\uddfa\ud835\uddf6\ud835\uddfb\ud835\uddf6\ud835\uddfa\ud835\uddf6\ud835\ude00\ud835\uddee\ud835\uddfb\ud835\ude01 \ud835\uddf9&#8217;\ud835\uddf2\ud835\uddfa\ud835\uddfd\ud835\uddff\ud835\uddf2\ud835\uddf6\ud835\uddfb\ud835\ude01\ud835\uddf2 \ud835\uddf0\ud835\uddee\ud835\uddff\ud835\uddef\ud835\uddfc\ud835\uddfb\ud835\uddf2, nous avons d\u00e9sormais la solution !<\/p>\n<p>Pour \ud835\uddf2\ud835\uddfb \ud835\ude00\ud835\uddee\ud835\ude03\ud835\uddfc\ud835\uddf6\ud835\uddff \ud835\uddfd\ud835\uddf9\ud835\ude02\ud835\ude00 et \ud835\uddfc\ud835\uddef\ud835\ude01\ud835\uddf2\ud835\uddfb\ud835\uddf6\ud835\uddff \ud835\ude02\ud835\uddfb \ud835\uddf1\ud835\uddf2\ud835\ude03\ud835\uddf6\ud835\ude00, <a href=\"https:\/\/reckinger-alfred.lu\/fr\/contact\/\">contactez-nous<\/a> !<\/p>\n<p>Pour plus d&#8217;infos sur Solarcells visitez <a href=\"https:\/\/www.solarcells.lu\/fr\/\" target=\"_blank\" rel=\"noopener\">\ud835\ude04\ud835\ude04\ud835\ude04.\ud835\ude00\ud835\uddfc\ud835\uddf9\ud835\uddee\ud835\uddff\ud835\uddf0\ud835\uddf2\ud835\uddf9\ud835\uddf9\ud835\ude00.\ud835\uddf9\ud835\ude02<\/a>.<\/p>\n<p>&nbsp;<\/p>\n<p><img loading=\"lazy\" decoding=\"async\" class=\"alignnone wp-image-3233\" src=\"https:\/\/reckinger-alfred.lu\/app\/uploads\/2024\/05\/reckinger-solarcells-insta-agree-1024x590.png\" alt=\"\" width=\"812\" height=\"469\" srcset=\"https:\/\/reckinger-alfred.lu\/app\/uploads\/2024\/05\/reckinger-solarcells-insta-agree-1024x590.png 1024w, https:\/\/reckinger-alfred.lu\/app\/uploads\/2024\/05\/reckinger-solarcells-insta-agree-300x173.png 300w, https:\/\/reckinger-alfred.lu\/app\/uploads\/2024\/05\/reckinger-solarcells-insta-agree-512x295.png 512w, https:\/\/reckinger-alfred.lu\/app\/uploads\/2024\/05\/reckinger-solarcells-insta-agree.png 2032w\" sizes=\"auto, (max-width: 812px) 100vw, 812px\" \/><\/p>\n","protected":false},"excerpt":{"rendered":"<p>Le photovolta\u00efque Made In Luxembourg&#8230;<\/p>\n","protected":false},"author":2,"featured_media":3229,"comment_status":"open","ping_status":"open","sticky":false,"template":"","format":"standard","meta":{"inline_featured_image":false,"footnotes":""},"categories":[12],"tags":[],"class_list":["post-3228","post","type-post","status-publish","format-standard","has-post-thumbnail","hentry","category-actualites"],"acf":[],"yoast_head":"<!-- This site is optimized with the Yoast SEO plugin v23.9 - https:\/\/yoast.com\/wordpress\/plugins\/seo\/ -->\n<title>Reckinger - installeur agr\u00e9\u00e9 Solarcells Luxembourg : Reckinger Alfred S.A.<\/title>\n<meta name=\"description\" content=\"Avec Reckinger, passez au photovolta\u00efque local gr\u00e2ce \u00e0 des panneaux produits au Luxembourg. Une \u00e9nergie durable, performante et install\u00e9e par nos experts.\" \/>\n<meta name=\"robots\" content=\"index, follow, max-snippet:-1, max-image-preview:large, max-video-preview:-1\" \/>\n<link rel=\"canonical\" href=\"https:\/\/reckinger-alfred.lu\/fr\/installeur-agree-solarcells-luxembourg\/\" \/>\n<meta property=\"og:locale\" content=\"fr_FR\" \/>\n<meta property=\"og:type\" content=\"article\" \/>\n<meta property=\"og:title\" content=\"Reckinger - installeur agr\u00e9\u00e9 Solarcells Luxembourg : Reckinger Alfred S.A.\" \/>\n<meta property=\"og:description\" content=\"Avec Reckinger, passez au photovolta\u00efque local gr\u00e2ce \u00e0 des panneaux produits au Luxembourg. Une \u00e9nergie durable, performante et install\u00e9e par nos experts.\" \/>\n<meta property=\"og:url\" content=\"https:\/\/reckinger-alfred.lu\/fr\/installeur-agree-solarcells-luxembourg\/\" \/>\n<meta property=\"og:site_name\" content=\"Reckinger Alfred S.A.\" \/>\n<meta property=\"article:publisher\" content=\"https:\/\/www.facebook.com\/reckinger.air.eau\/\" \/>\n<meta property=\"article:published_time\" content=\"2024-05-13T13:57:00+00:00\" \/>\n<meta property=\"article:modified_time\" content=\"2025-12-09T12:21:19+00:00\" \/>\n<meta property=\"og:image\" content=\"https:\/\/reckinger-alfred.lu\/app\/uploads\/2024\/05\/PV-scaled.jpeg\" \/>\n\t<meta property=\"og:image:width\" content=\"2560\" \/>\n\t<meta property=\"og:image:height\" content=\"1707\" \/>\n\t<meta property=\"og:image:type\" content=\"image\/jpeg\" \/>\n<meta name=\"author\" content=\"Anastassia Krivov\" \/>\n<meta name=\"twitter:card\" content=\"summary_large_image\" \/>\n<meta name=\"twitter:label1\" content=\"Written by\" \/>\n\t<meta name=\"twitter:data1\" content=\"Anastassia Krivov\" \/>\n\t<meta name=\"twitter:label2\" content=\"Est. reading time\" \/>\n\t<meta name=\"twitter:data2\" content=\"1 minute\" \/>\n<script type=\"application\/ld+json\" class=\"yoast-schema-graph\">{\"@context\":\"https:\/\/schema.org\",\"@graph\":[{\"@type\":\"Article\",\"@id\":\"https:\/\/reckinger-alfred.lu\/fr\/installeur-agree-solarcells-luxembourg\/#article\",\"isPartOf\":{\"@id\":\"https:\/\/reckinger-alfred.lu\/fr\/installeur-agree-solarcells-luxembourg\/\"},\"author\":{\"name\":\"Anastassia Krivov\",\"@id\":\"https:\/\/reckinger-alfred.lu\/fr\/#\/schema\/person\/68f91e4250f652d446ba0cb77c37fb02\"},\"headline\":\"Reckinger &#8211; installeur agr\u00e9\u00e9 Solarcells Luxembourg\",\"datePublished\":\"2024-05-13T13:57:00+00:00\",\"dateModified\":\"2025-12-09T12:21:19+00:00\",\"mainEntityOfPage\":{\"@id\":\"https:\/\/reckinger-alfred.lu\/fr\/installeur-agree-solarcells-luxembourg\/\"},\"wordCount\":58,\"commentCount\":0,\"publisher\":{\"@id\":\"https:\/\/reckinger-alfred.lu\/fr\/#organization\"},\"image\":{\"@id\":\"https:\/\/reckinger-alfred.lu\/fr\/installeur-agree-solarcells-luxembourg\/#primaryimage\"},\"thumbnailUrl\":\"https:\/\/reckinger-alfred.lu\/app\/uploads\/2024\/05\/PV-scaled.jpeg\",\"articleSection\":[\"Actualit\u00e9s\"],\"inLanguage\":\"fr-FR\",\"potentialAction\":[{\"@type\":\"CommentAction\",\"name\":\"Comment\",\"target\":[\"https:\/\/reckinger-alfred.lu\/fr\/installeur-agree-solarcells-luxembourg\/#respond\"]}]},{\"@type\":\"WebPage\",\"@id\":\"https:\/\/reckinger-alfred.lu\/fr\/installeur-agree-solarcells-luxembourg\/\",\"url\":\"https:\/\/reckinger-alfred.lu\/fr\/installeur-agree-solarcells-luxembourg\/\",\"name\":\"Reckinger - installeur agr\u00e9\u00e9 Solarcells Luxembourg : Reckinger Alfred S.A.\",\"isPartOf\":{\"@id\":\"https:\/\/reckinger-alfred.lu\/fr\/#website\"},\"primaryImageOfPage\":{\"@id\":\"https:\/\/reckinger-alfred.lu\/fr\/installeur-agree-solarcells-luxembourg\/#primaryimage\"},\"image\":{\"@id\":\"https:\/\/reckinger-alfred.lu\/fr\/installeur-agree-solarcells-luxembourg\/#primaryimage\"},\"thumbnailUrl\":\"https:\/\/reckinger-alfred.lu\/app\/uploads\/2024\/05\/PV-scaled.jpeg\",\"datePublished\":\"2024-05-13T13:57:00+00:00\",\"dateModified\":\"2025-12-09T12:21:19+00:00\",\"description\":\"Avec Reckinger, passez au photovolta\u00efque local gr\u00e2ce \u00e0 des panneaux produits au Luxembourg. Une \u00e9nergie durable, performante et install\u00e9e par nos experts.\",\"breadcrumb\":{\"@id\":\"https:\/\/reckinger-alfred.lu\/fr\/installeur-agree-solarcells-luxembourg\/#breadcrumb\"},\"inLanguage\":\"fr-FR\",\"potentialAction\":[{\"@type\":\"ReadAction\",\"target\":[\"https:\/\/reckinger-alfred.lu\/fr\/installeur-agree-solarcells-luxembourg\/\"]}]},{\"@type\":\"ImageObject\",\"inLanguage\":\"fr-FR\",\"@id\":\"https:\/\/reckinger-alfred.lu\/fr\/installeur-agree-solarcells-luxembourg\/#primaryimage\",\"url\":\"https:\/\/reckinger-alfred.lu\/app\/uploads\/2024\/05\/PV-scaled.jpeg\",\"contentUrl\":\"https:\/\/reckinger-alfred.lu\/app\/uploads\/2024\/05\/PV-scaled.jpeg\",\"width\":2560,\"height\":1707,\"caption\":\"installations panneaux photovolta\u00efques\"},{\"@type\":\"BreadcrumbList\",\"@id\":\"https:\/\/reckinger-alfred.lu\/fr\/installeur-agree-solarcells-luxembourg\/#breadcrumb\",\"itemListElement\":[{\"@type\":\"ListItem\",\"position\":1,\"name\":\"Home\",\"item\":\"https:\/\/reckinger-alfred.lu\/fr\/\"},{\"@type\":\"ListItem\",\"position\":2,\"name\":\"Reckinger &#8211; installeur agr\u00e9\u00e9 Solarcells Luxembourg\"}]},{\"@type\":\"WebSite\",\"@id\":\"https:\/\/reckinger-alfred.lu\/fr\/#website\",\"url\":\"https:\/\/reckinger-alfred.lu\/fr\/\",\"name\":\"Reckinger Alfred S.A.\",\"description\":\"Air et Eau depuis 1911\",\"publisher\":{\"@id\":\"https:\/\/reckinger-alfred.lu\/fr\/#organization\"},\"potentialAction\":[{\"@type\":\"SearchAction\",\"target\":{\"@type\":\"EntryPoint\",\"urlTemplate\":\"https:\/\/reckinger-alfred.lu\/fr\/?s={search_term_string}\"},\"query-input\":{\"@type\":\"PropertyValueSpecification\",\"valueRequired\":true,\"valueName\":\"search_term_string\"}}],\"inLanguage\":\"fr-FR\"},{\"@type\":\"Organization\",\"@id\":\"https:\/\/reckinger-alfred.lu\/fr\/#organization\",\"name\":\"Reckinger Alfred S.A.\",\"url\":\"https:\/\/reckinger-alfred.lu\/fr\/\",\"logo\":{\"@type\":\"ImageObject\",\"inLanguage\":\"fr-FR\",\"@id\":\"https:\/\/reckinger-alfred.lu\/fr\/#\/schema\/logo\/image\/\",\"url\":\"https:\/\/reckinger-alfred.lu\/app\/uploads\/2021\/10\/logo-reckinger-color@2x.png\",\"contentUrl\":\"https:\/\/reckinger-alfred.lu\/app\/uploads\/2021\/10\/logo-reckinger-color@2x.png\",\"width\":372,\"height\":123,\"caption\":\"Reckinger Alfred S.A.\"},\"image\":{\"@id\":\"https:\/\/reckinger-alfred.lu\/fr\/#\/schema\/logo\/image\/\"},\"sameAs\":[\"https:\/\/www.facebook.com\/reckinger.air.eau\/\",\"https:\/\/www.instagram.com\/reckingeralfred.sa\/\"]},{\"@type\":\"Person\",\"@id\":\"https:\/\/reckinger-alfred.lu\/fr\/#\/schema\/person\/68f91e4250f652d446ba0cb77c37fb02\",\"name\":\"Anastassia Krivov\",\"image\":{\"@type\":\"ImageObject\",\"inLanguage\":\"fr-FR\",\"@id\":\"https:\/\/reckinger-alfred.lu\/fr\/#\/schema\/person\/image\/\",\"url\":\"https:\/\/secure.gravatar.com\/avatar\/63c428ce711fcc5e6b44307459ba7b89?s=96&d=mm&r=g\",\"contentUrl\":\"https:\/\/secure.gravatar.com\/avatar\/63c428ce711fcc5e6b44307459ba7b89?s=96&d=mm&r=g\",\"caption\":\"Anastassia Krivov\"}}]}<\/script>\n<!-- \/ Yoast SEO plugin. -->","yoast_head_json":{"title":"Reckinger - installeur agr\u00e9\u00e9 Solarcells Luxembourg : Reckinger Alfred S.A.","description":"Avec Reckinger, passez au photovolta\u00efque local gr\u00e2ce \u00e0 des panneaux produits au Luxembourg. Une \u00e9nergie durable, performante et install\u00e9e par nos experts.","robots":{"index":"index","follow":"follow","max-snippet":"max-snippet:-1","max-image-preview":"max-image-preview:large","max-video-preview":"max-video-preview:-1"},"canonical":"https:\/\/reckinger-alfred.lu\/fr\/installeur-agree-solarcells-luxembourg\/","og_locale":"fr_FR","og_type":"article","og_title":"Reckinger - installeur agr\u00e9\u00e9 Solarcells Luxembourg : Reckinger Alfred S.A.","og_description":"Avec Reckinger, passez au photovolta\u00efque local gr\u00e2ce \u00e0 des panneaux produits au Luxembourg. Une \u00e9nergie durable, performante et install\u00e9e par nos experts.","og_url":"https:\/\/reckinger-alfred.lu\/fr\/installeur-agree-solarcells-luxembourg\/","og_site_name":"Reckinger Alfred S.A.","article_publisher":"https:\/\/www.facebook.com\/reckinger.air.eau\/","article_published_time":"2024-05-13T13:57:00+00:00","article_modified_time":"2025-12-09T12:21:19+00:00","og_image":[{"width":2560,"height":1707,"url":"https:\/\/reckinger-alfred.lu\/app\/uploads\/2024\/05\/PV-scaled.jpeg","type":"image\/jpeg"}],"author":"Anastassia Krivov","twitter_card":"summary_large_image","twitter_misc":{"Written by":"Anastassia Krivov","Est. reading time":"1 minute"},"schema":{"@context":"https:\/\/schema.org","@graph":[{"@type":"Article","@id":"https:\/\/reckinger-alfred.lu\/fr\/installeur-agree-solarcells-luxembourg\/#article","isPartOf":{"@id":"https:\/\/reckinger-alfred.lu\/fr\/installeur-agree-solarcells-luxembourg\/"},"author":{"name":"Anastassia Krivov","@id":"https:\/\/reckinger-alfred.lu\/fr\/#\/schema\/person\/68f91e4250f652d446ba0cb77c37fb02"},"headline":"Reckinger &#8211; installeur agr\u00e9\u00e9 Solarcells Luxembourg","datePublished":"2024-05-13T13:57:00+00:00","dateModified":"2025-12-09T12:21:19+00:00","mainEntityOfPage":{"@id":"https:\/\/reckinger-alfred.lu\/fr\/installeur-agree-solarcells-luxembourg\/"},"wordCount":58,"commentCount":0,"publisher":{"@id":"https:\/\/reckinger-alfred.lu\/fr\/#organization"},"image":{"@id":"https:\/\/reckinger-alfred.lu\/fr\/installeur-agree-solarcells-luxembourg\/#primaryimage"},"thumbnailUrl":"https:\/\/reckinger-alfred.lu\/app\/uploads\/2024\/05\/PV-scaled.jpeg","articleSection":["Actualit\u00e9s"],"inLanguage":"fr-FR","potentialAction":[{"@type":"CommentAction","name":"Comment","target":["https:\/\/reckinger-alfred.lu\/fr\/installeur-agree-solarcells-luxembourg\/#respond"]}]},{"@type":"WebPage","@id":"https:\/\/reckinger-alfred.lu\/fr\/installeur-agree-solarcells-luxembourg\/","url":"https:\/\/reckinger-alfred.lu\/fr\/installeur-agree-solarcells-luxembourg\/","name":"Reckinger - installeur agr\u00e9\u00e9 Solarcells Luxembourg : Reckinger Alfred S.A.","isPartOf":{"@id":"https:\/\/reckinger-alfred.lu\/fr\/#website"},"primaryImageOfPage":{"@id":"https:\/\/reckinger-alfred.lu\/fr\/installeur-agree-solarcells-luxembourg\/#primaryimage"},"image":{"@id":"https:\/\/reckinger-alfred.lu\/fr\/installeur-agree-solarcells-luxembourg\/#primaryimage"},"thumbnailUrl":"https:\/\/reckinger-alfred.lu\/app\/uploads\/2024\/05\/PV-scaled.jpeg","datePublished":"2024-05-13T13:57:00+00:00","dateModified":"2025-12-09T12:21:19+00:00","description":"Avec Reckinger, passez au photovolta\u00efque local gr\u00e2ce \u00e0 des panneaux produits au Luxembourg. Une \u00e9nergie durable, performante et install\u00e9e par nos experts.","breadcrumb":{"@id":"https:\/\/reckinger-alfred.lu\/fr\/installeur-agree-solarcells-luxembourg\/#breadcrumb"},"inLanguage":"fr-FR","potentialAction":[{"@type":"ReadAction","target":["https:\/\/reckinger-alfred.lu\/fr\/installeur-agree-solarcells-luxembourg\/"]}]},{"@type":"ImageObject","inLanguage":"fr-FR","@id":"https:\/\/reckinger-alfred.lu\/fr\/installeur-agree-solarcells-luxembourg\/#primaryimage","url":"https:\/\/reckinger-alfred.lu\/app\/uploads\/2024\/05\/PV-scaled.jpeg","contentUrl":"https:\/\/reckinger-alfred.lu\/app\/uploads\/2024\/05\/PV-scaled.jpeg","width":2560,"height":1707,"caption":"installations panneaux photovolta\u00efques"},{"@type":"BreadcrumbList","@id":"https:\/\/reckinger-alfred.lu\/fr\/installeur-agree-solarcells-luxembourg\/#breadcrumb","itemListElement":[{"@type":"ListItem","position":1,"name":"Home","item":"https:\/\/reckinger-alfred.lu\/fr\/"},{"@type":"ListItem","position":2,"name":"Reckinger &#8211; installeur agr\u00e9\u00e9 Solarcells Luxembourg"}]},{"@type":"WebSite","@id":"https:\/\/reckinger-alfred.lu\/fr\/#website","url":"https:\/\/reckinger-alfred.lu\/fr\/","name":"Reckinger Alfred S.A.","description":"Air et Eau depuis 1911","publisher":{"@id":"https:\/\/reckinger-alfred.lu\/fr\/#organization"},"potentialAction":[{"@type":"SearchAction","target":{"@type":"EntryPoint","urlTemplate":"https:\/\/reckinger-alfred.lu\/fr\/?s={search_term_string}"},"query-input":{"@type":"PropertyValueSpecification","valueRequired":true,"valueName":"search_term_string"}}],"inLanguage":"fr-FR"},{"@type":"Organization","@id":"https:\/\/reckinger-alfred.lu\/fr\/#organization","name":"Reckinger Alfred S.A.","url":"https:\/\/reckinger-alfred.lu\/fr\/","logo":{"@type":"ImageObject","inLanguage":"fr-FR","@id":"https:\/\/reckinger-alfred.lu\/fr\/#\/schema\/logo\/image\/","url":"https:\/\/reckinger-alfred.lu\/app\/uploads\/2021\/10\/logo-reckinger-color@2x.png","contentUrl":"https:\/\/reckinger-alfred.lu\/app\/uploads\/2021\/10\/logo-reckinger-color@2x.png","width":372,"height":123,"caption":"Reckinger Alfred S.A."},"image":{"@id":"https:\/\/reckinger-alfred.lu\/fr\/#\/schema\/logo\/image\/"},"sameAs":["https:\/\/www.facebook.com\/reckinger.air.eau\/","https:\/\/www.instagram.com\/reckingeralfred.sa\/"]},{"@type":"Person","@id":"https:\/\/reckinger-alfred.lu\/fr\/#\/schema\/person\/68f91e4250f652d446ba0cb77c37fb02","name":"Anastassia Krivov","image":{"@type":"ImageObject","inLanguage":"fr-FR","@id":"https:\/\/reckinger-alfred.lu\/fr\/#\/schema\/person\/image\/","url":"https:\/\/secure.gravatar.com\/avatar\/63c428ce711fcc5e6b44307459ba7b89?s=96&d=mm&r=g","contentUrl":"https:\/\/secure.gravatar.com\/avatar\/63c428ce711fcc5e6b44307459ba7b89?s=96&d=mm&r=g","caption":"Anastassia Krivov"}}]}},"_links":{"self":[{"href":"https:\/\/reckinger-alfred.lu\/fr\/wp-json\/wp\/v2\/posts\/3228","targetHints":{"allow":["GET"]}}],"collection":[{"href":"https:\/\/reckinger-alfred.lu\/fr\/wp-json\/wp\/v2\/posts"}],"about":[{"href":"https:\/\/reckinger-alfred.lu\/fr\/wp-json\/wp\/v2\/types\/post"}],"author":[{"embeddable":true,"href":"https:\/\/reckinger-alfred.lu\/fr\/wp-json\/wp\/v2\/users\/2"}],"replies":[{"embeddable":true,"href":"https:\/\/reckinger-alfred.lu\/fr\/wp-json\/wp\/v2\/comments?post=3228"}],"version-history":[{"count":12,"href":"https:\/\/reckinger-alfred.lu\/fr\/wp-json\/wp\/v2\/posts\/3228\/revisions"}],"predecessor-version":[{"id":3256,"href":"https:\/\/reckinger-alfred.lu\/fr\/wp-json\/wp\/v2\/posts\/3228\/revisions\/3256"}],"wp:featuredmedia":[{"embeddable":true,"href":"https:\/\/reckinger-alfred.lu\/fr\/wp-json\/wp\/v2\/media\/3229"}],"wp:attachment":[{"href":"https:\/\/reckinger-alfred.lu\/fr\/wp-json\/wp\/v2\/media?parent=3228"}],"wp:term":[{"taxonomy":"category","embeddable":true,"href":"https:\/\/reckinger-alfred.lu\/fr\/wp-json\/wp\/v2\/categories?post=3228"},{"taxonomy":"post_tag","embeddable":true,"href":"https:\/\/reckinger-alfred.lu\/fr\/wp-json\/wp\/v2\/tags?post=3228"}],"curies":[{"name":"wp","href":"https:\/\/api.w.org\/{rel}","templated":true}]}}