{"id":3183,"date":"2024-03-29T09:00:29","date_gmt":"2024-03-29T08:00:29","guid":{"rendered":"https:\/\/reckinger-alfred.lu\/?p=3183"},"modified":"2025-12-09T13:25:16","modified_gmt":"2025-12-09T12:25:16","slug":"autour-dun-cafe-avec-michel-reckinger","status":"publish","type":"post","link":"https:\/\/reckinger-alfred.lu\/fr\/autour-dun-cafe-avec-michel-reckinger\/","title":{"rendered":"Autour d&#8217;un caf\u00e9 avec Michel Reckinger"},"content":{"rendered":"<p>Michel Reckinger s&#8217;est pr\u00eat\u00e9 au jeu de la s\u00e9rie \u00ab <strong>Autour d\u2019un caf\u00e9<\/strong> \u00bb produite par la <strong>BIL<\/strong> et diffus\u00e9e sur <strong><a href=\"https:\/\/bilstories.com\/autour-dun-cafe-avec-michel-reckinger-01010\/\" target=\"_blank\" rel=\"noopener\">BIL Stories<\/a><\/strong>.<\/p>\n<p>Une rencontre vid\u00e9o en toute intimit\u00e9 au c\u0153ur de la campagne luxembourgeoise o\u00f9 Michel Reckinger nous parle de l\u2019<a href=\"https:\/\/reckinger-alfred.lu\/fr\/l-entreprise\/notre-histoire\/\">histoire<\/a> de sa famille, de son arriv\u00e9e \u00e0 la t\u00eate de l\u2019entreprise, mais aussi de RSE et de son r\u00f4le en tant que Pr\u00e9sident au sein de l\u2019<a href=\"https:\/\/uel.lu\/fr\/\">UEL<\/a>.<\/p>\n<p>\u00c0 visionner autour d&#8217;un caf\u00e9&#8230;<\/p>\n<p>Pour voir d&#8217;autres \u00e9pisodes de la s\u00e9rie, rendez-vous sur <strong><a href=\"https:\/\/bilstories.com\/\" target=\"_blank\" rel=\"noopener\">bilstories.com<\/a><\/strong>.<\/p>\n<p>&nbsp;<\/p>\n<p><iframe loading=\"lazy\" title=\"Autour d\u2019un caf\u00e9 avec Michel Reckinger\" width=\"500\" height=\"281\" src=\"https:\/\/www.youtube.com\/embed\/sJdTrJ9B_ms?feature=oembed\" frameborder=\"0\" allow=\"accelerometer; autoplay; clipboard-write; encrypted-media; gyroscope; picture-in-picture; web-share\" referrerpolicy=\"strict-origin-when-cross-origin\" allowfullscreen><\/iframe><\/p>\n","protected":false},"excerpt":{"rendered":"<p>Une rencontre en toute intimit\u00e9 au c\u0153ur de la campagne luxembourgeoise&#8230;<\/p>\n","protected":false},"author":1,"featured_media":3199,"comment_status":"open","ping_status":"open","sticky":false,"template":"","format":"standard","meta":{"inline_featured_image":false,"footnotes":""},"categories":[12],"tags":[],"class_list":["post-3183","post","type-post","status-publish","format-standard","has-post-thumbnail","hentry","category-actualites"],"acf":[],"yoast_head":"<!-- This site is optimized with the Yoast SEO plugin v23.9 - https:\/\/yoast.com\/wordpress\/plugins\/seo\/ -->\n<title>Autour d&#039;un caf\u00e9 avec Michel Reckinger : Reckinger Alfred S.A.<\/title>\n<meta name=\"robots\" content=\"index, follow, max-snippet:-1, max-image-preview:large, max-video-preview:-1\" \/>\n<link rel=\"canonical\" href=\"https:\/\/reckinger-alfred.lu\/fr\/autour-dun-cafe-avec-michel-reckinger\/\" \/>\n<meta property=\"og:locale\" content=\"fr_FR\" \/>\n<meta property=\"og:type\" content=\"article\" \/>\n<meta property=\"og:title\" content=\"Autour d&#039;un caf\u00e9 avec Michel Reckinger : Reckinger Alfred S.A.\" \/>\n<meta property=\"og:description\" content=\"Une rencontre en toute intimit\u00e9 au c\u0153ur de la campagne luxembourgeoise...\" \/>\n<meta property=\"og:url\" content=\"https:\/\/reckinger-alfred.lu\/fr\/autour-dun-cafe-avec-michel-reckinger\/\" \/>\n<meta property=\"og:site_name\" content=\"Reckinger Alfred S.A.\" \/>\n<meta property=\"article:publisher\" content=\"https:\/\/www.facebook.com\/reckinger.air.eau\/\" \/>\n<meta property=\"article:published_time\" content=\"2024-03-29T08:00:29+00:00\" \/>\n<meta property=\"article:modified_time\" content=\"2025-12-09T12:25:16+00:00\" \/>\n<meta property=\"og:image\" content=\"https:\/\/reckinger-alfred.lu\/app\/uploads\/2024\/03\/MR-mignature.jpg\" \/>\n\t<meta property=\"og:image:width\" content=\"1329\" \/>\n\t<meta property=\"og:image:height\" content=\"995\" \/>\n\t<meta property=\"og:image:type\" content=\"image\/jpeg\" \/>\n<meta name=\"author\" content=\"vousadmin\" \/>\n<meta name=\"twitter:card\" content=\"summary_large_image\" \/>\n<meta name=\"twitter:label1\" content=\"Written by\" \/>\n\t<meta name=\"twitter:data1\" content=\"vousadmin\" \/>\n\t<meta name=\"twitter:label2\" content=\"Est. reading time\" \/>\n\t<meta name=\"twitter:data2\" content=\"1 minute\" \/>\n<script type=\"application\/ld+json\" class=\"yoast-schema-graph\">{\"@context\":\"https:\/\/schema.org\",\"@graph\":[{\"@type\":\"Article\",\"@id\":\"https:\/\/reckinger-alfred.lu\/fr\/autour-dun-cafe-avec-michel-reckinger\/#article\",\"isPartOf\":{\"@id\":\"https:\/\/reckinger-alfred.lu\/fr\/autour-dun-cafe-avec-michel-reckinger\/\"},\"author\":{\"name\":\"vousadmin\",\"@id\":\"https:\/\/reckinger-alfred.lu\/fr\/#\/schema\/person\/2ac7c63257f4be5a7abc294d060fed86\"},\"headline\":\"Autour d&#8217;un caf\u00e9 avec Michel Reckinger\",\"datePublished\":\"2024-03-29T08:00:29+00:00\",\"dateModified\":\"2025-12-09T12:25:16+00:00\",\"mainEntityOfPage\":{\"@id\":\"https:\/\/reckinger-alfred.lu\/fr\/autour-dun-cafe-avec-michel-reckinger\/\"},\"wordCount\":111,\"commentCount\":0,\"publisher\":{\"@id\":\"https:\/\/reckinger-alfred.lu\/fr\/#organization\"},\"image\":{\"@id\":\"https:\/\/reckinger-alfred.lu\/fr\/autour-dun-cafe-avec-michel-reckinger\/#primaryimage\"},\"thumbnailUrl\":\"https:\/\/reckinger-alfred.lu\/app\/uploads\/2024\/03\/MR-mignature.jpg\",\"articleSection\":[\"Actualit\u00e9s\"],\"inLanguage\":\"fr-FR\",\"potentialAction\":[{\"@type\":\"CommentAction\",\"name\":\"Comment\",\"target\":[\"https:\/\/reckinger-alfred.lu\/fr\/autour-dun-cafe-avec-michel-reckinger\/#respond\"]}]},{\"@type\":\"WebPage\",\"@id\":\"https:\/\/reckinger-alfred.lu\/fr\/autour-dun-cafe-avec-michel-reckinger\/\",\"url\":\"https:\/\/reckinger-alfred.lu\/fr\/autour-dun-cafe-avec-michel-reckinger\/\",\"name\":\"Autour d'un caf\u00e9 avec Michel Reckinger : Reckinger Alfred S.A.\",\"isPartOf\":{\"@id\":\"https:\/\/reckinger-alfred.lu\/fr\/#website\"},\"primaryImageOfPage\":{\"@id\":\"https:\/\/reckinger-alfred.lu\/fr\/autour-dun-cafe-avec-michel-reckinger\/#primaryimage\"},\"image\":{\"@id\":\"https:\/\/reckinger-alfred.lu\/fr\/autour-dun-cafe-avec-michel-reckinger\/#primaryimage\"},\"thumbnailUrl\":\"https:\/\/reckinger-alfred.lu\/app\/uploads\/2024\/03\/MR-mignature.jpg\",\"datePublished\":\"2024-03-29T08:00:29+00:00\",\"dateModified\":\"2025-12-09T12:25:16+00:00\",\"breadcrumb\":{\"@id\":\"https:\/\/reckinger-alfred.lu\/fr\/autour-dun-cafe-avec-michel-reckinger\/#breadcrumb\"},\"inLanguage\":\"fr-FR\",\"potentialAction\":[{\"@type\":\"ReadAction\",\"target\":[\"https:\/\/reckinger-alfred.lu\/fr\/autour-dun-cafe-avec-michel-reckinger\/\"]}]},{\"@type\":\"ImageObject\",\"inLanguage\":\"fr-FR\",\"@id\":\"https:\/\/reckinger-alfred.lu\/fr\/autour-dun-cafe-avec-michel-reckinger\/#primaryimage\",\"url\":\"https:\/\/reckinger-alfred.lu\/app\/uploads\/2024\/03\/MR-mignature.jpg\",\"contentUrl\":\"https:\/\/reckinger-alfred.lu\/app\/uploads\/2024\/03\/MR-mignature.jpg\",\"width\":1329,\"height\":995,\"caption\":\"??????????\"},{\"@type\":\"BreadcrumbList\",\"@id\":\"https:\/\/reckinger-alfred.lu\/fr\/autour-dun-cafe-avec-michel-reckinger\/#breadcrumb\",\"itemListElement\":[{\"@type\":\"ListItem\",\"position\":1,\"name\":\"Home\",\"item\":\"https:\/\/reckinger-alfred.lu\/fr\/\"},{\"@type\":\"ListItem\",\"position\":2,\"name\":\"Autour d&#8217;un caf\u00e9 avec Michel Reckinger\"}]},{\"@type\":\"WebSite\",\"@id\":\"https:\/\/reckinger-alfred.lu\/fr\/#website\",\"url\":\"https:\/\/reckinger-alfred.lu\/fr\/\",\"name\":\"Reckinger Alfred S.A.\",\"description\":\"Air et Eau depuis 1911\",\"publisher\":{\"@id\":\"https:\/\/reckinger-alfred.lu\/fr\/#organization\"},\"potentialAction\":[{\"@type\":\"SearchAction\",\"target\":{\"@type\":\"EntryPoint\",\"urlTemplate\":\"https:\/\/reckinger-alfred.lu\/fr\/?s={search_term_string}\"},\"query-input\":{\"@type\":\"PropertyValueSpecification\",\"valueRequired\":true,\"valueName\":\"search_term_string\"}}],\"inLanguage\":\"fr-FR\"},{\"@type\":\"Organization\",\"@id\":\"https:\/\/reckinger-alfred.lu\/fr\/#organization\",\"name\":\"Reckinger Alfred S.A.\",\"url\":\"https:\/\/reckinger-alfred.lu\/fr\/\",\"logo\":{\"@type\":\"ImageObject\",\"inLanguage\":\"fr-FR\",\"@id\":\"https:\/\/reckinger-alfred.lu\/fr\/#\/schema\/logo\/image\/\",\"url\":\"https:\/\/reckinger-alfred.lu\/app\/uploads\/2021\/10\/logo-reckinger-color@2x.png\",\"contentUrl\":\"https:\/\/reckinger-alfred.lu\/app\/uploads\/2021\/10\/logo-reckinger-color@2x.png\",\"width\":372,\"height\":123,\"caption\":\"Reckinger Alfred S.A.\"},\"image\":{\"@id\":\"https:\/\/reckinger-alfred.lu\/fr\/#\/schema\/logo\/image\/\"},\"sameAs\":[\"https:\/\/www.facebook.com\/reckinger.air.eau\/\",\"https:\/\/www.instagram.com\/reckingeralfred.sa\/\"]},{\"@type\":\"Person\",\"@id\":\"https:\/\/reckinger-alfred.lu\/fr\/#\/schema\/person\/2ac7c63257f4be5a7abc294d060fed86\",\"name\":\"vousadmin\",\"image\":{\"@type\":\"ImageObject\",\"inLanguage\":\"fr-FR\",\"@id\":\"https:\/\/reckinger-alfred.lu\/fr\/#\/schema\/person\/image\/\",\"url\":\"https:\/\/secure.gravatar.com\/avatar\/a5135ebfc8f24e138f703ae8102b0d92?s=96&d=mm&r=g\",\"contentUrl\":\"https:\/\/secure.gravatar.com\/avatar\/a5135ebfc8f24e138f703ae8102b0d92?s=96&d=mm&r=g\",\"caption\":\"vousadmin\"},\"sameAs\":[\"https:\/\/reckinger-alfred.lu\/wp\"]}]}<\/script>\n<!-- \/ Yoast SEO plugin. -->","yoast_head_json":{"title":"Autour d'un caf\u00e9 avec Michel Reckinger : Reckinger Alfred S.A.","robots":{"index":"index","follow":"follow","max-snippet":"max-snippet:-1","max-image-preview":"max-image-preview:large","max-video-preview":"max-video-preview:-1"},"canonical":"https:\/\/reckinger-alfred.lu\/fr\/autour-dun-cafe-avec-michel-reckinger\/","og_locale":"fr_FR","og_type":"article","og_title":"Autour d'un caf\u00e9 avec Michel Reckinger : Reckinger Alfred S.A.","og_description":"Une rencontre en toute intimit\u00e9 au c\u0153ur de la campagne luxembourgeoise...","og_url":"https:\/\/reckinger-alfred.lu\/fr\/autour-dun-cafe-avec-michel-reckinger\/","og_site_name":"Reckinger Alfred S.A.","article_publisher":"https:\/\/www.facebook.com\/reckinger.air.eau\/","article_published_time":"2024-03-29T08:00:29+00:00","article_modified_time":"2025-12-09T12:25:16+00:00","og_image":[{"width":1329,"height":995,"url":"https:\/\/reckinger-alfred.lu\/app\/uploads\/2024\/03\/MR-mignature.jpg","type":"image\/jpeg"}],"author":"vousadmin","twitter_card":"summary_large_image","twitter_misc":{"Written by":"vousadmin","Est. reading time":"1 minute"},"schema":{"@context":"https:\/\/schema.org","@graph":[{"@type":"Article","@id":"https:\/\/reckinger-alfred.lu\/fr\/autour-dun-cafe-avec-michel-reckinger\/#article","isPartOf":{"@id":"https:\/\/reckinger-alfred.lu\/fr\/autour-dun-cafe-avec-michel-reckinger\/"},"author":{"name":"vousadmin","@id":"https:\/\/reckinger-alfred.lu\/fr\/#\/schema\/person\/2ac7c63257f4be5a7abc294d060fed86"},"headline":"Autour d&#8217;un caf\u00e9 avec Michel Reckinger","datePublished":"2024-03-29T08:00:29+00:00","dateModified":"2025-12-09T12:25:16+00:00","mainEntityOfPage":{"@id":"https:\/\/reckinger-alfred.lu\/fr\/autour-dun-cafe-avec-michel-reckinger\/"},"wordCount":111,"commentCount":0,"publisher":{"@id":"https:\/\/reckinger-alfred.lu\/fr\/#organization"},"image":{"@id":"https:\/\/reckinger-alfred.lu\/fr\/autour-dun-cafe-avec-michel-reckinger\/#primaryimage"},"thumbnailUrl":"https:\/\/reckinger-alfred.lu\/app\/uploads\/2024\/03\/MR-mignature.jpg","articleSection":["Actualit\u00e9s"],"inLanguage":"fr-FR","potentialAction":[{"@type":"CommentAction","name":"Comment","target":["https:\/\/reckinger-alfred.lu\/fr\/autour-dun-cafe-avec-michel-reckinger\/#respond"]}]},{"@type":"WebPage","@id":"https:\/\/reckinger-alfred.lu\/fr\/autour-dun-cafe-avec-michel-reckinger\/","url":"https:\/\/reckinger-alfred.lu\/fr\/autour-dun-cafe-avec-michel-reckinger\/","name":"Autour d'un caf\u00e9 avec Michel Reckinger : Reckinger Alfred S.A.","isPartOf":{"@id":"https:\/\/reckinger-alfred.lu\/fr\/#website"},"primaryImageOfPage":{"@id":"https:\/\/reckinger-alfred.lu\/fr\/autour-dun-cafe-avec-michel-reckinger\/#primaryimage"},"image":{"@id":"https:\/\/reckinger-alfred.lu\/fr\/autour-dun-cafe-avec-michel-reckinger\/#primaryimage"},"thumbnailUrl":"https:\/\/reckinger-alfred.lu\/app\/uploads\/2024\/03\/MR-mignature.jpg","datePublished":"2024-03-29T08:00:29+00:00","dateModified":"2025-12-09T12:25:16+00:00","breadcrumb":{"@id":"https:\/\/reckinger-alfred.lu\/fr\/autour-dun-cafe-avec-michel-reckinger\/#breadcrumb"},"inLanguage":"fr-FR","potentialAction":[{"@type":"ReadAction","target":["https:\/\/reckinger-alfred.lu\/fr\/autour-dun-cafe-avec-michel-reckinger\/"]}]},{"@type":"ImageObject","inLanguage":"fr-FR","@id":"https:\/\/reckinger-alfred.lu\/fr\/autour-dun-cafe-avec-michel-reckinger\/#primaryimage","url":"https:\/\/reckinger-alfred.lu\/app\/uploads\/2024\/03\/MR-mignature.jpg","contentUrl":"https:\/\/reckinger-alfred.lu\/app\/uploads\/2024\/03\/MR-mignature.jpg","width":1329,"height":995,"caption":"??????????"},{"@type":"BreadcrumbList","@id":"https:\/\/reckinger-alfred.lu\/fr\/autour-dun-cafe-avec-michel-reckinger\/#breadcrumb","itemListElement":[{"@type":"ListItem","position":1,"name":"Home","item":"https:\/\/reckinger-alfred.lu\/fr\/"},{"@type":"ListItem","position":2,"name":"Autour d&#8217;un caf\u00e9 avec Michel Reckinger"}]},{"@type":"WebSite","@id":"https:\/\/reckinger-alfred.lu\/fr\/#website","url":"https:\/\/reckinger-alfred.lu\/fr\/","name":"Reckinger Alfred S.A.","description":"Air et Eau depuis 1911","publisher":{"@id":"https:\/\/reckinger-alfred.lu\/fr\/#organization"},"potentialAction":[{"@type":"SearchAction","target":{"@type":"EntryPoint","urlTemplate":"https:\/\/reckinger-alfred.lu\/fr\/?s={search_term_string}"},"query-input":{"@type":"PropertyValueSpecification","valueRequired":true,"valueName":"search_term_string"}}],"inLanguage":"fr-FR"},{"@type":"Organization","@id":"https:\/\/reckinger-alfred.lu\/fr\/#organization","name":"Reckinger Alfred S.A.","url":"https:\/\/reckinger-alfred.lu\/fr\/","logo":{"@type":"ImageObject","inLanguage":"fr-FR","@id":"https:\/\/reckinger-alfred.lu\/fr\/#\/schema\/logo\/image\/","url":"https:\/\/reckinger-alfred.lu\/app\/uploads\/2021\/10\/logo-reckinger-color@2x.png","contentUrl":"https:\/\/reckinger-alfred.lu\/app\/uploads\/2021\/10\/logo-reckinger-color@2x.png","width":372,"height":123,"caption":"Reckinger Alfred S.A."},"image":{"@id":"https:\/\/reckinger-alfred.lu\/fr\/#\/schema\/logo\/image\/"},"sameAs":["https:\/\/www.facebook.com\/reckinger.air.eau\/","https:\/\/www.instagram.com\/reckingeralfred.sa\/"]},{"@type":"Person","@id":"https:\/\/reckinger-alfred.lu\/fr\/#\/schema\/person\/2ac7c63257f4be5a7abc294d060fed86","name":"vousadmin","image":{"@type":"ImageObject","inLanguage":"fr-FR","@id":"https:\/\/reckinger-alfred.lu\/fr\/#\/schema\/person\/image\/","url":"https:\/\/secure.gravatar.com\/avatar\/a5135ebfc8f24e138f703ae8102b0d92?s=96&d=mm&r=g","contentUrl":"https:\/\/secure.gravatar.com\/avatar\/a5135ebfc8f24e138f703ae8102b0d92?s=96&d=mm&r=g","caption":"vousadmin"},"sameAs":["https:\/\/reckinger-alfred.lu\/wp"]}]}},"_links":{"self":[{"href":"https:\/\/reckinger-alfred.lu\/fr\/wp-json\/wp\/v2\/posts\/3183","targetHints":{"allow":["GET"]}}],"collection":[{"href":"https:\/\/reckinger-alfred.lu\/fr\/wp-json\/wp\/v2\/posts"}],"about":[{"href":"https:\/\/reckinger-alfred.lu\/fr\/wp-json\/wp\/v2\/types\/post"}],"author":[{"embeddable":true,"href":"https:\/\/reckinger-alfred.lu\/fr\/wp-json\/wp\/v2\/users\/1"}],"replies":[{"embeddable":true,"href":"https:\/\/reckinger-alfred.lu\/fr\/wp-json\/wp\/v2\/comments?post=3183"}],"version-history":[{"count":9,"href":"https:\/\/reckinger-alfred.lu\/fr\/wp-json\/wp\/v2\/posts\/3183\/revisions"}],"predecessor-version":[{"id":4085,"href":"https:\/\/reckinger-alfred.lu\/fr\/wp-json\/wp\/v2\/posts\/3183\/revisions\/4085"}],"wp:featuredmedia":[{"embeddable":true,"href":"https:\/\/reckinger-alfred.lu\/fr\/wp-json\/wp\/v2\/media\/3199"}],"wp:attachment":[{"href":"https:\/\/reckinger-alfred.lu\/fr\/wp-json\/wp\/v2\/media?parent=3183"}],"wp:term":[{"taxonomy":"category","embeddable":true,"href":"https:\/\/reckinger-alfred.lu\/fr\/wp-json\/wp\/v2\/categories?post=3183"},{"taxonomy":"post_tag","embeddable":true,"href":"https:\/\/reckinger-alfred.lu\/fr\/wp-json\/wp\/v2\/tags?post=3183"}],"curies":[{"name":"wp","href":"https:\/\/api.w.org\/{rel}","templated":true}]}}