{"id":2692,"date":"2023-05-17T13:55:00","date_gmt":"2023-05-17T11:55:00","guid":{"rendered":"https:\/\/reckinger-alfred.lu\/?p=2692"},"modified":"2023-05-17T14:05:31","modified_gmt":"2023-05-17T12:05:31","slug":"reprise-de-lentreprise-askal-sarl-par-le-groupe-reckinger","status":"publish","type":"post","link":"https:\/\/reckinger-alfred.lu\/fr\/reprise-de-lentreprise-askal-sarl-par-le-groupe-reckinger\/","title":{"rendered":"Reprise de l\u2019entreprise ASKAL S\u00e0rl par le groupe Reckinger"},"content":{"rendered":"<p>Depuis le 1er janvier 2023, le <strong>groupe Reckinger<\/strong> est devenu associ\u00e9 majoritaire de l\u2019entreprise <strong>ASKAL S\u00e0rl<\/strong> situ\u00e9e \u00e0 Echternach.<\/p>\n<p>ASKAL S\u00e0rl est une entreprise de 15 collaborateurs, qui comme Reckinger est sp\u00e9cialis\u00e9e en installation et maintenance de chauffages, sanitaires, ventilations, climatisations et \u00e9nergies renouvelables. La soci\u00e9t\u00e9 est active \u00e0 Echternach et dans l\u2019Est du pays depuis 42 ans.<\/p>\n<p>Il est \u00e0 noter qu&#8217;ASKAL S\u00e0rl continue et continuera d\u2019exercer l\u2019int\u00e9gralit\u00e9 de ses activit\u00e9s depuis son si\u00e8ge social actuel situ\u00e9 dans la zone industrielle d&#8217;Echternach.<\/p>\n<p>Aussi, la totalit\u00e9 des collaborateurs d\u2019ASKAL est maintenue en poste. De m\u00eame, Madame Maryse Mangen, toujours associ\u00e9e, reste g\u00e9rante op\u00e9rationnelle d&#8217;ASKAL.<\/p>\n<p>Ce rapprochement strat\u00e9gique entre nos deux entit\u00e9s est l&#8217;opportunit\u00e9 de capitaliser sur les forces respectives de chacune de nos deux structures. Pour Reckinger, il s&#8217;agit notamment de renforcer sa pr\u00e9sence dans l&#8217;Est du pays, et pour ASKAL, cette union contribue \u00e0 la p\u00e9rennisation de ses activit\u00e9s, de ses emplois et va permettre une mont\u00e9e en puissance de ses activit\u00e9s.<\/p>\n<p>&nbsp;<\/p>\n<p><img loading=\"lazy\" decoding=\"async\" class=\"alignleft wp-image-2693 size-large\" src=\"https:\/\/reckinger-alfred.lu\/app\/uploads\/2023\/05\/IMG_1381-1-845x1024.jpg\" alt=\"\" width=\"845\" height=\"1024\" srcset=\"https:\/\/reckinger-alfred.lu\/app\/uploads\/2023\/05\/IMG_1381-1-845x1024.jpg 845w, https:\/\/reckinger-alfred.lu\/app\/uploads\/2023\/05\/IMG_1381-1-247x300.jpg 247w, https:\/\/reckinger-alfred.lu\/app\/uploads\/2023\/05\/IMG_1381-1-768x931.jpg 768w, https:\/\/reckinger-alfred.lu\/app\/uploads\/2023\/05\/IMG_1381-1-1267x1536.jpg 1267w, https:\/\/reckinger-alfred.lu\/app\/uploads\/2023\/05\/IMG_1381-1-1689x2048.jpg 1689w, https:\/\/reckinger-alfred.lu\/app\/uploads\/2023\/05\/IMG_1381-1-1840x2231.jpg 1840w, https:\/\/reckinger-alfred.lu\/app\/uploads\/2023\/05\/IMG_1381-1-422x512.jpg 422w, https:\/\/reckinger-alfred.lu\/app\/uploads\/2023\/05\/IMG_1381-1-625x758.jpg 625w\" sizes=\"auto, (max-width: 845px) 100vw, 845px\" \/><\/p>\n<p>&nbsp;<\/p>\n<p>&nbsp;<\/p>\n<p>&nbsp;<\/p>\n<p>&nbsp;<\/p>\n<p>&nbsp;<\/p>\n<p>&nbsp;<\/p>\n<p>&nbsp;<\/p>\n<p>&nbsp;<\/p>\n<p>&nbsp;<\/p>\n<p>&nbsp;<\/p>\n<p>&nbsp;<\/p>\n<p>&nbsp;<\/p>\n<p>&nbsp;<\/p>\n<p>&nbsp;<\/p>\n<p>&nbsp;<\/p>\n<p>&nbsp;<\/p>\n<p>&nbsp;<\/p>\n","protected":false},"excerpt":{"rendered":"<p>Un rapprochement strat\u00e9gique contribuant \u00e0 la p\u00e9rennit\u00e9 mutuelle des deux entreprises&#8230;<\/p>\n","protected":false},"author":2,"featured_media":2693,"comment_status":"open","ping_status":"open","sticky":false,"template":"","format":"standard","meta":{"inline_featured_image":false,"footnotes":""},"categories":[12],"tags":[],"class_list":["post-2692","post","type-post","status-publish","format-standard","has-post-thumbnail","hentry","category-actualites"],"acf":[],"yoast_head":"<!-- This site is optimized with the Yoast SEO plugin v23.9 - https:\/\/yoast.com\/wordpress\/plugins\/seo\/ -->\n<title>Reprise de l\u2019entreprise ASKAL S\u00e0rl par le groupe Reckinger : Reckinger Alfred S.A.<\/title>\n<meta name=\"robots\" content=\"index, follow, max-snippet:-1, max-image-preview:large, max-video-preview:-1\" \/>\n<link rel=\"canonical\" href=\"https:\/\/reckinger-alfred.lu\/fr\/reprise-de-lentreprise-askal-sarl-par-le-groupe-reckinger\/\" \/>\n<meta property=\"og:locale\" content=\"fr_FR\" \/>\n<meta property=\"og:type\" content=\"article\" \/>\n<meta property=\"og:title\" content=\"Reprise de l\u2019entreprise ASKAL S\u00e0rl par le groupe Reckinger : Reckinger Alfred S.A.\" \/>\n<meta property=\"og:description\" content=\"Un rapprochement strat\u00e9gique contribuant \u00e0 la p\u00e9rennit\u00e9 mutuelle des deux entreprises...\" \/>\n<meta property=\"og:url\" content=\"https:\/\/reckinger-alfred.lu\/fr\/reprise-de-lentreprise-askal-sarl-par-le-groupe-reckinger\/\" \/>\n<meta property=\"og:site_name\" content=\"Reckinger Alfred S.A.\" \/>\n<meta property=\"article:publisher\" content=\"https:\/\/www.facebook.com\/reckinger.air.eau\/\" \/>\n<meta property=\"article:published_time\" content=\"2023-05-17T11:55:00+00:00\" \/>\n<meta property=\"article:modified_time\" content=\"2023-05-17T12:05:31+00:00\" \/>\n<meta property=\"og:image\" content=\"https:\/\/reckinger-alfred.lu\/app\/uploads\/2023\/05\/IMG_1381-1-845x1024.jpg\" \/>\n\t<meta property=\"og:image:width\" content=\"845\" \/>\n\t<meta property=\"og:image:height\" content=\"1024\" \/>\n\t<meta property=\"og:image:type\" content=\"image\/jpeg\" \/>\n<meta name=\"author\" content=\"Anastassia Krivov\" \/>\n<meta name=\"twitter:card\" content=\"summary_large_image\" \/>\n<meta name=\"twitter:label1\" content=\"Written by\" \/>\n\t<meta name=\"twitter:data1\" content=\"Anastassia Krivov\" \/>\n\t<meta name=\"twitter:label2\" content=\"Est. reading time\" \/>\n\t<meta name=\"twitter:data2\" content=\"2 minutes\" \/>\n<script type=\"application\/ld+json\" class=\"yoast-schema-graph\">{\"@context\":\"https:\/\/schema.org\",\"@graph\":[{\"@type\":\"Article\",\"@id\":\"https:\/\/reckinger-alfred.lu\/fr\/reprise-de-lentreprise-askal-sarl-par-le-groupe-reckinger\/#article\",\"isPartOf\":{\"@id\":\"https:\/\/reckinger-alfred.lu\/fr\/reprise-de-lentreprise-askal-sarl-par-le-groupe-reckinger\/\"},\"author\":{\"name\":\"Anastassia Krivov\",\"@id\":\"https:\/\/reckinger-alfred.lu\/fr\/#\/schema\/person\/68f91e4250f652d446ba0cb77c37fb02\"},\"headline\":\"Reprise de l\u2019entreprise ASKAL S\u00e0rl par le groupe Reckinger\",\"datePublished\":\"2023-05-17T11:55:00+00:00\",\"dateModified\":\"2023-05-17T12:05:31+00:00\",\"mainEntityOfPage\":{\"@id\":\"https:\/\/reckinger-alfred.lu\/fr\/reprise-de-lentreprise-askal-sarl-par-le-groupe-reckinger\/\"},\"wordCount\":211,\"commentCount\":0,\"publisher\":{\"@id\":\"https:\/\/reckinger-alfred.lu\/fr\/#organization\"},\"image\":{\"@id\":\"https:\/\/reckinger-alfred.lu\/fr\/reprise-de-lentreprise-askal-sarl-par-le-groupe-reckinger\/#primaryimage\"},\"thumbnailUrl\":\"https:\/\/reckinger-alfred.lu\/app\/uploads\/2023\/05\/IMG_1381-1.jpg\",\"articleSection\":[\"Actualit\u00e9s\"],\"inLanguage\":\"fr-FR\",\"potentialAction\":[{\"@type\":\"CommentAction\",\"name\":\"Comment\",\"target\":[\"https:\/\/reckinger-alfred.lu\/fr\/reprise-de-lentreprise-askal-sarl-par-le-groupe-reckinger\/#respond\"]}]},{\"@type\":\"WebPage\",\"@id\":\"https:\/\/reckinger-alfred.lu\/fr\/reprise-de-lentreprise-askal-sarl-par-le-groupe-reckinger\/\",\"url\":\"https:\/\/reckinger-alfred.lu\/fr\/reprise-de-lentreprise-askal-sarl-par-le-groupe-reckinger\/\",\"name\":\"Reprise de l\u2019entreprise ASKAL S\u00e0rl par le groupe Reckinger : Reckinger Alfred S.A.\",\"isPartOf\":{\"@id\":\"https:\/\/reckinger-alfred.lu\/fr\/#website\"},\"primaryImageOfPage\":{\"@id\":\"https:\/\/reckinger-alfred.lu\/fr\/reprise-de-lentreprise-askal-sarl-par-le-groupe-reckinger\/#primaryimage\"},\"image\":{\"@id\":\"https:\/\/reckinger-alfred.lu\/fr\/reprise-de-lentreprise-askal-sarl-par-le-groupe-reckinger\/#primaryimage\"},\"thumbnailUrl\":\"https:\/\/reckinger-alfred.lu\/app\/uploads\/2023\/05\/IMG_1381-1.jpg\",\"datePublished\":\"2023-05-17T11:55:00+00:00\",\"dateModified\":\"2023-05-17T12:05:31+00:00\",\"breadcrumb\":{\"@id\":\"https:\/\/reckinger-alfred.lu\/fr\/reprise-de-lentreprise-askal-sarl-par-le-groupe-reckinger\/#breadcrumb\"},\"inLanguage\":\"fr-FR\",\"potentialAction\":[{\"@type\":\"ReadAction\",\"target\":[\"https:\/\/reckinger-alfred.lu\/fr\/reprise-de-lentreprise-askal-sarl-par-le-groupe-reckinger\/\"]}]},{\"@type\":\"ImageObject\",\"inLanguage\":\"fr-FR\",\"@id\":\"https:\/\/reckinger-alfred.lu\/fr\/reprise-de-lentreprise-askal-sarl-par-le-groupe-reckinger\/#primaryimage\",\"url\":\"https:\/\/reckinger-alfred.lu\/app\/uploads\/2023\/05\/IMG_1381-1.jpg\",\"contentUrl\":\"https:\/\/reckinger-alfred.lu\/app\/uploads\/2023\/05\/IMG_1381-1.jpg\",\"width\":2094,\"height\":2539},{\"@type\":\"BreadcrumbList\",\"@id\":\"https:\/\/reckinger-alfred.lu\/fr\/reprise-de-lentreprise-askal-sarl-par-le-groupe-reckinger\/#breadcrumb\",\"itemListElement\":[{\"@type\":\"ListItem\",\"position\":1,\"name\":\"Home\",\"item\":\"https:\/\/reckinger-alfred.lu\/fr\/\"},{\"@type\":\"ListItem\",\"position\":2,\"name\":\"Reprise de l\u2019entreprise ASKAL S\u00e0rl par le groupe Reckinger\"}]},{\"@type\":\"WebSite\",\"@id\":\"https:\/\/reckinger-alfred.lu\/fr\/#website\",\"url\":\"https:\/\/reckinger-alfred.lu\/fr\/\",\"name\":\"Reckinger Alfred S.A.\",\"description\":\"Air et Eau depuis 1911\",\"publisher\":{\"@id\":\"https:\/\/reckinger-alfred.lu\/fr\/#organization\"},\"potentialAction\":[{\"@type\":\"SearchAction\",\"target\":{\"@type\":\"EntryPoint\",\"urlTemplate\":\"https:\/\/reckinger-alfred.lu\/fr\/?s={search_term_string}\"},\"query-input\":{\"@type\":\"PropertyValueSpecification\",\"valueRequired\":true,\"valueName\":\"search_term_string\"}}],\"inLanguage\":\"fr-FR\"},{\"@type\":\"Organization\",\"@id\":\"https:\/\/reckinger-alfred.lu\/fr\/#organization\",\"name\":\"Reckinger Alfred S.A.\",\"url\":\"https:\/\/reckinger-alfred.lu\/fr\/\",\"logo\":{\"@type\":\"ImageObject\",\"inLanguage\":\"fr-FR\",\"@id\":\"https:\/\/reckinger-alfred.lu\/fr\/#\/schema\/logo\/image\/\",\"url\":\"https:\/\/reckinger-alfred.lu\/app\/uploads\/2021\/10\/logo-reckinger-color@2x.png\",\"contentUrl\":\"https:\/\/reckinger-alfred.lu\/app\/uploads\/2021\/10\/logo-reckinger-color@2x.png\",\"width\":372,\"height\":123,\"caption\":\"Reckinger Alfred S.A.\"},\"image\":{\"@id\":\"https:\/\/reckinger-alfred.lu\/fr\/#\/schema\/logo\/image\/\"},\"sameAs\":[\"https:\/\/www.facebook.com\/reckinger.air.eau\/\",\"https:\/\/www.instagram.com\/reckingeralfred.sa\/\"]},{\"@type\":\"Person\",\"@id\":\"https:\/\/reckinger-alfred.lu\/fr\/#\/schema\/person\/68f91e4250f652d446ba0cb77c37fb02\",\"name\":\"Anastassia Krivov\",\"image\":{\"@type\":\"ImageObject\",\"inLanguage\":\"fr-FR\",\"@id\":\"https:\/\/reckinger-alfred.lu\/fr\/#\/schema\/person\/image\/\",\"url\":\"https:\/\/secure.gravatar.com\/avatar\/63c428ce711fcc5e6b44307459ba7b89?s=96&d=mm&r=g\",\"contentUrl\":\"https:\/\/secure.gravatar.com\/avatar\/63c428ce711fcc5e6b44307459ba7b89?s=96&d=mm&r=g\",\"caption\":\"Anastassia Krivov\"}}]}<\/script>\n<!-- \/ Yoast SEO plugin. -->","yoast_head_json":{"title":"Reprise de l\u2019entreprise ASKAL S\u00e0rl par le groupe Reckinger : Reckinger Alfred S.A.","robots":{"index":"index","follow":"follow","max-snippet":"max-snippet:-1","max-image-preview":"max-image-preview:large","max-video-preview":"max-video-preview:-1"},"canonical":"https:\/\/reckinger-alfred.lu\/fr\/reprise-de-lentreprise-askal-sarl-par-le-groupe-reckinger\/","og_locale":"fr_FR","og_type":"article","og_title":"Reprise de l\u2019entreprise ASKAL S\u00e0rl par le groupe Reckinger : Reckinger Alfred S.A.","og_description":"Un rapprochement strat\u00e9gique contribuant \u00e0 la p\u00e9rennit\u00e9 mutuelle des deux entreprises...","og_url":"https:\/\/reckinger-alfred.lu\/fr\/reprise-de-lentreprise-askal-sarl-par-le-groupe-reckinger\/","og_site_name":"Reckinger Alfred S.A.","article_publisher":"https:\/\/www.facebook.com\/reckinger.air.eau\/","article_published_time":"2023-05-17T11:55:00+00:00","article_modified_time":"2023-05-17T12:05:31+00:00","og_image":[{"width":845,"height":1024,"url":"https:\/\/reckinger-alfred.lu\/app\/uploads\/2023\/05\/IMG_1381-1-845x1024.jpg","type":"image\/jpeg"}],"author":"Anastassia Krivov","twitter_card":"summary_large_image","twitter_misc":{"Written by":"Anastassia Krivov","Est. reading time":"2 minutes"},"schema":{"@context":"https:\/\/schema.org","@graph":[{"@type":"Article","@id":"https:\/\/reckinger-alfred.lu\/fr\/reprise-de-lentreprise-askal-sarl-par-le-groupe-reckinger\/#article","isPartOf":{"@id":"https:\/\/reckinger-alfred.lu\/fr\/reprise-de-lentreprise-askal-sarl-par-le-groupe-reckinger\/"},"author":{"name":"Anastassia Krivov","@id":"https:\/\/reckinger-alfred.lu\/fr\/#\/schema\/person\/68f91e4250f652d446ba0cb77c37fb02"},"headline":"Reprise de l\u2019entreprise ASKAL S\u00e0rl par le groupe Reckinger","datePublished":"2023-05-17T11:55:00+00:00","dateModified":"2023-05-17T12:05:31+00:00","mainEntityOfPage":{"@id":"https:\/\/reckinger-alfred.lu\/fr\/reprise-de-lentreprise-askal-sarl-par-le-groupe-reckinger\/"},"wordCount":211,"commentCount":0,"publisher":{"@id":"https:\/\/reckinger-alfred.lu\/fr\/#organization"},"image":{"@id":"https:\/\/reckinger-alfred.lu\/fr\/reprise-de-lentreprise-askal-sarl-par-le-groupe-reckinger\/#primaryimage"},"thumbnailUrl":"https:\/\/reckinger-alfred.lu\/app\/uploads\/2023\/05\/IMG_1381-1.jpg","articleSection":["Actualit\u00e9s"],"inLanguage":"fr-FR","potentialAction":[{"@type":"CommentAction","name":"Comment","target":["https:\/\/reckinger-alfred.lu\/fr\/reprise-de-lentreprise-askal-sarl-par-le-groupe-reckinger\/#respond"]}]},{"@type":"WebPage","@id":"https:\/\/reckinger-alfred.lu\/fr\/reprise-de-lentreprise-askal-sarl-par-le-groupe-reckinger\/","url":"https:\/\/reckinger-alfred.lu\/fr\/reprise-de-lentreprise-askal-sarl-par-le-groupe-reckinger\/","name":"Reprise de l\u2019entreprise ASKAL S\u00e0rl par le groupe Reckinger : Reckinger Alfred S.A.","isPartOf":{"@id":"https:\/\/reckinger-alfred.lu\/fr\/#website"},"primaryImageOfPage":{"@id":"https:\/\/reckinger-alfred.lu\/fr\/reprise-de-lentreprise-askal-sarl-par-le-groupe-reckinger\/#primaryimage"},"image":{"@id":"https:\/\/reckinger-alfred.lu\/fr\/reprise-de-lentreprise-askal-sarl-par-le-groupe-reckinger\/#primaryimage"},"thumbnailUrl":"https:\/\/reckinger-alfred.lu\/app\/uploads\/2023\/05\/IMG_1381-1.jpg","datePublished":"2023-05-17T11:55:00+00:00","dateModified":"2023-05-17T12:05:31+00:00","breadcrumb":{"@id":"https:\/\/reckinger-alfred.lu\/fr\/reprise-de-lentreprise-askal-sarl-par-le-groupe-reckinger\/#breadcrumb"},"inLanguage":"fr-FR","potentialAction":[{"@type":"ReadAction","target":["https:\/\/reckinger-alfred.lu\/fr\/reprise-de-lentreprise-askal-sarl-par-le-groupe-reckinger\/"]}]},{"@type":"ImageObject","inLanguage":"fr-FR","@id":"https:\/\/reckinger-alfred.lu\/fr\/reprise-de-lentreprise-askal-sarl-par-le-groupe-reckinger\/#primaryimage","url":"https:\/\/reckinger-alfred.lu\/app\/uploads\/2023\/05\/IMG_1381-1.jpg","contentUrl":"https:\/\/reckinger-alfred.lu\/app\/uploads\/2023\/05\/IMG_1381-1.jpg","width":2094,"height":2539},{"@type":"BreadcrumbList","@id":"https:\/\/reckinger-alfred.lu\/fr\/reprise-de-lentreprise-askal-sarl-par-le-groupe-reckinger\/#breadcrumb","itemListElement":[{"@type":"ListItem","position":1,"name":"Home","item":"https:\/\/reckinger-alfred.lu\/fr\/"},{"@type":"ListItem","position":2,"name":"Reprise de l\u2019entreprise ASKAL S\u00e0rl par le groupe Reckinger"}]},{"@type":"WebSite","@id":"https:\/\/reckinger-alfred.lu\/fr\/#website","url":"https:\/\/reckinger-alfred.lu\/fr\/","name":"Reckinger Alfred S.A.","description":"Air et Eau depuis 1911","publisher":{"@id":"https:\/\/reckinger-alfred.lu\/fr\/#organization"},"potentialAction":[{"@type":"SearchAction","target":{"@type":"EntryPoint","urlTemplate":"https:\/\/reckinger-alfred.lu\/fr\/?s={search_term_string}"},"query-input":{"@type":"PropertyValueSpecification","valueRequired":true,"valueName":"search_term_string"}}],"inLanguage":"fr-FR"},{"@type":"Organization","@id":"https:\/\/reckinger-alfred.lu\/fr\/#organization","name":"Reckinger Alfred S.A.","url":"https:\/\/reckinger-alfred.lu\/fr\/","logo":{"@type":"ImageObject","inLanguage":"fr-FR","@id":"https:\/\/reckinger-alfred.lu\/fr\/#\/schema\/logo\/image\/","url":"https:\/\/reckinger-alfred.lu\/app\/uploads\/2021\/10\/logo-reckinger-color@2x.png","contentUrl":"https:\/\/reckinger-alfred.lu\/app\/uploads\/2021\/10\/logo-reckinger-color@2x.png","width":372,"height":123,"caption":"Reckinger Alfred S.A."},"image":{"@id":"https:\/\/reckinger-alfred.lu\/fr\/#\/schema\/logo\/image\/"},"sameAs":["https:\/\/www.facebook.com\/reckinger.air.eau\/","https:\/\/www.instagram.com\/reckingeralfred.sa\/"]},{"@type":"Person","@id":"https:\/\/reckinger-alfred.lu\/fr\/#\/schema\/person\/68f91e4250f652d446ba0cb77c37fb02","name":"Anastassia Krivov","image":{"@type":"ImageObject","inLanguage":"fr-FR","@id":"https:\/\/reckinger-alfred.lu\/fr\/#\/schema\/person\/image\/","url":"https:\/\/secure.gravatar.com\/avatar\/63c428ce711fcc5e6b44307459ba7b89?s=96&d=mm&r=g","contentUrl":"https:\/\/secure.gravatar.com\/avatar\/63c428ce711fcc5e6b44307459ba7b89?s=96&d=mm&r=g","caption":"Anastassia Krivov"}}]}},"_links":{"self":[{"href":"https:\/\/reckinger-alfred.lu\/fr\/wp-json\/wp\/v2\/posts\/2692","targetHints":{"allow":["GET"]}}],"collection":[{"href":"https:\/\/reckinger-alfred.lu\/fr\/wp-json\/wp\/v2\/posts"}],"about":[{"href":"https:\/\/reckinger-alfred.lu\/fr\/wp-json\/wp\/v2\/types\/post"}],"author":[{"embeddable":true,"href":"https:\/\/reckinger-alfred.lu\/fr\/wp-json\/wp\/v2\/users\/2"}],"replies":[{"embeddable":true,"href":"https:\/\/reckinger-alfred.lu\/fr\/wp-json\/wp\/v2\/comments?post=2692"}],"version-history":[{"count":13,"href":"https:\/\/reckinger-alfred.lu\/fr\/wp-json\/wp\/v2\/posts\/2692\/revisions"}],"predecessor-version":[{"id":2709,"href":"https:\/\/reckinger-alfred.lu\/fr\/wp-json\/wp\/v2\/posts\/2692\/revisions\/2709"}],"wp:featuredmedia":[{"embeddable":true,"href":"https:\/\/reckinger-alfred.lu\/fr\/wp-json\/wp\/v2\/media\/2693"}],"wp:attachment":[{"href":"https:\/\/reckinger-alfred.lu\/fr\/wp-json\/wp\/v2\/media?parent=2692"}],"wp:term":[{"taxonomy":"category","embeddable":true,"href":"https:\/\/reckinger-alfred.lu\/fr\/wp-json\/wp\/v2\/categories?post=2692"},{"taxonomy":"post_tag","embeddable":true,"href":"https:\/\/reckinger-alfred.lu\/fr\/wp-json\/wp\/v2\/tags?post=2692"}],"curies":[{"name":"wp","href":"https:\/\/api.w.org\/{rel}","templated":true}]}}