{"id":2350,"date":"2022-09-27T11:38:21","date_gmt":"2022-09-27T09:38:21","guid":{"rendered":"https:\/\/reckinger-alfred.lu\/?p=2350"},"modified":"2022-09-27T11:38:21","modified_gmt":"2022-09-27T09:38:21","slug":"aftermovie-celebration-111ans-reckinger-2-et-3-septembre-2022","status":"publish","type":"post","link":"https:\/\/reckinger-alfred.lu\/fr\/aftermovie-celebration-111ans-reckinger-2-et-3-septembre-2022\/","title":{"rendered":"Aftermovie &#8211; C\u00e9l\u00e9bration 111ans Reckinger &#8211; 2 et 3 septembre 2022"},"content":{"rendered":"<p>Retour en vid\u00e9o sur nos 2 soir\u00e9es de c\u00e9l\u00e9bration des 111 ans de l&#8217;entreprise Reckinger Alfred. \ud83c\udfa5\ud83c\udf82<\/p>\n<p>Entour\u00e9s, le premier soir, de nos clients, fournisseurs, partenaires, amis et de repr\u00e9sentants politiques, puis, le deuxi\u00e8me soir, de nos collaborateurs et de leurs familles , nous avons pass\u00e9 deux soir\u00e9es exceptionnelles. \ud83e\udd73<\/p>\n<p>Au programme, quelques discours, un cocktail bien s\u00fbr, mais aussi un spectacle magique, un studio photo extraordinaire, un dancefloor endiabl\u00e9, et surtout, surtout beaucoup de joie et de beaux moments partag\u00e9s&#8230;<\/p>\n<p>De jolis souvenirs, fondations solides pour les 111 ann\u00e9es \u00e0 venir&#8230;<\/p>\n<p>&nbsp;<\/p>\n<div style=\"width: 1920px;\" class=\"wp-video\"><!--[if lt IE 9]><script>document.createElement('video');<\/script><![endif]-->\n<video class=\"wp-video-shortcode\" id=\"video-2350-1\" width=\"1920\" height=\"1080\" preload=\"metadata\" controls=\"controls\"><source type=\"video\/mp4\" src=\"https:\/\/reckinger-alfred.lu\/app\/uploads\/2022\/09\/111_ans_reckinger.mov-HD1080p.mp4?_=1\" \/><a href=\"https:\/\/reckinger-alfred.lu\/app\/uploads\/2022\/09\/111_ans_reckinger.mov-HD1080p.mp4\">https:\/\/reckinger-alfred.lu\/app\/uploads\/2022\/09\/111_ans_reckinger.mov-HD1080p.mp4<\/a><\/video><\/div>\n<p>&nbsp;<\/p>\n<p>&nbsp;<\/p>\n","protected":false},"excerpt":{"rendered":"<p>Retour en vid\u00e9o sur nos 2 soir\u00e9es de c\u00e9l\u00e9bration des 111 ans de Reckinger&#8230;<\/p>\n","protected":false},"author":2,"featured_media":2351,"comment_status":"open","ping_status":"open","sticky":false,"template":"","format":"standard","meta":{"inline_featured_image":false,"footnotes":""},"categories":[12],"tags":[],"class_list":["post-2350","post","type-post","status-publish","format-standard","has-post-thumbnail","hentry","category-actualites"],"acf":[],"yoast_head":"<!-- This site is optimized with the Yoast SEO plugin v23.9 - https:\/\/yoast.com\/wordpress\/plugins\/seo\/ -->\n<title>Aftermovie - C\u00e9l\u00e9bration 111ans Reckinger - 2 et 3 septembre 2022 : Reckinger Alfred S.A.<\/title>\n<meta name=\"robots\" content=\"index, follow, max-snippet:-1, max-image-preview:large, max-video-preview:-1\" \/>\n<link rel=\"canonical\" href=\"https:\/\/reckinger-alfred.lu\/fr\/aftermovie-celebration-111ans-reckinger-2-et-3-septembre-2022\/\" \/>\n<meta property=\"og:locale\" content=\"fr_FR\" \/>\n<meta property=\"og:type\" content=\"article\" \/>\n<meta property=\"og:title\" content=\"Aftermovie - C\u00e9l\u00e9bration 111ans Reckinger - 2 et 3 septembre 2022 : Reckinger Alfred S.A.\" \/>\n<meta property=\"og:description\" content=\"Retour en vid\u00e9o sur nos 2 soir\u00e9es de c\u00e9l\u00e9bration des 111 ans de Reckinger...\" \/>\n<meta property=\"og:url\" content=\"https:\/\/reckinger-alfred.lu\/fr\/aftermovie-celebration-111ans-reckinger-2-et-3-septembre-2022\/\" \/>\n<meta property=\"og:site_name\" content=\"Reckinger Alfred S.A.\" \/>\n<meta property=\"article:publisher\" content=\"https:\/\/www.facebook.com\/reckinger.air.eau\/\" \/>\n<meta property=\"article:published_time\" content=\"2022-09-27T09:38:21+00:00\" \/>\n<meta property=\"og:image\" content=\"https:\/\/reckinger-alfred.lu\/app\/uploads\/2022\/09\/desk.dj_-1024x576.png\" \/>\n\t<meta property=\"og:image:width\" content=\"1024\" \/>\n\t<meta property=\"og:image:height\" content=\"576\" \/>\n\t<meta property=\"og:image:type\" content=\"image\/png\" \/>\n<meta name=\"author\" content=\"Anastassia Krivov\" \/>\n<meta name=\"twitter:card\" content=\"summary_large_image\" \/>\n<meta name=\"twitter:label1\" content=\"Written by\" \/>\n\t<meta name=\"twitter:data1\" content=\"Anastassia Krivov\" \/>\n\t<meta name=\"twitter:label2\" content=\"Est. reading time\" \/>\n\t<meta name=\"twitter:data2\" content=\"1 minute\" \/>\n<script type=\"application\/ld+json\" class=\"yoast-schema-graph\">{\"@context\":\"https:\/\/schema.org\",\"@graph\":[{\"@type\":\"Article\",\"@id\":\"https:\/\/reckinger-alfred.lu\/fr\/aftermovie-celebration-111ans-reckinger-2-et-3-septembre-2022\/#article\",\"isPartOf\":{\"@id\":\"https:\/\/reckinger-alfred.lu\/fr\/aftermovie-celebration-111ans-reckinger-2-et-3-septembre-2022\/\"},\"author\":{\"name\":\"Anastassia Krivov\",\"@id\":\"https:\/\/reckinger-alfred.lu\/fr\/#\/schema\/person\/68f91e4250f652d446ba0cb77c37fb02\"},\"headline\":\"Aftermovie &#8211; C\u00e9l\u00e9bration 111ans Reckinger &#8211; 2 et 3 septembre 2022\",\"datePublished\":\"2022-09-27T09:38:21+00:00\",\"dateModified\":\"2022-09-27T09:38:21+00:00\",\"mainEntityOfPage\":{\"@id\":\"https:\/\/reckinger-alfred.lu\/fr\/aftermovie-celebration-111ans-reckinger-2-et-3-septembre-2022\/\"},\"wordCount\":124,\"commentCount\":0,\"publisher\":{\"@id\":\"https:\/\/reckinger-alfred.lu\/fr\/#organization\"},\"image\":{\"@id\":\"https:\/\/reckinger-alfred.lu\/fr\/aftermovie-celebration-111ans-reckinger-2-et-3-septembre-2022\/#primaryimage\"},\"thumbnailUrl\":\"https:\/\/reckinger-alfred.lu\/app\/uploads\/2022\/09\/desk.dj_.png\",\"articleSection\":[\"Actualit\u00e9s\"],\"inLanguage\":\"fr-FR\",\"potentialAction\":[{\"@type\":\"CommentAction\",\"name\":\"Comment\",\"target\":[\"https:\/\/reckinger-alfred.lu\/fr\/aftermovie-celebration-111ans-reckinger-2-et-3-septembre-2022\/#respond\"]}]},{\"@type\":\"WebPage\",\"@id\":\"https:\/\/reckinger-alfred.lu\/fr\/aftermovie-celebration-111ans-reckinger-2-et-3-septembre-2022\/\",\"url\":\"https:\/\/reckinger-alfred.lu\/fr\/aftermovie-celebration-111ans-reckinger-2-et-3-septembre-2022\/\",\"name\":\"Aftermovie - C\u00e9l\u00e9bration 111ans Reckinger - 2 et 3 septembre 2022 : Reckinger Alfred S.A.\",\"isPartOf\":{\"@id\":\"https:\/\/reckinger-alfred.lu\/fr\/#website\"},\"primaryImageOfPage\":{\"@id\":\"https:\/\/reckinger-alfred.lu\/fr\/aftermovie-celebration-111ans-reckinger-2-et-3-septembre-2022\/#primaryimage\"},\"image\":{\"@id\":\"https:\/\/reckinger-alfred.lu\/fr\/aftermovie-celebration-111ans-reckinger-2-et-3-septembre-2022\/#primaryimage\"},\"thumbnailUrl\":\"https:\/\/reckinger-alfred.lu\/app\/uploads\/2022\/09\/desk.dj_.png\",\"datePublished\":\"2022-09-27T09:38:21+00:00\",\"dateModified\":\"2022-09-27T09:38:21+00:00\",\"breadcrumb\":{\"@id\":\"https:\/\/reckinger-alfred.lu\/fr\/aftermovie-celebration-111ans-reckinger-2-et-3-septembre-2022\/#breadcrumb\"},\"inLanguage\":\"fr-FR\",\"potentialAction\":[{\"@type\":\"ReadAction\",\"target\":[\"https:\/\/reckinger-alfred.lu\/fr\/aftermovie-celebration-111ans-reckinger-2-et-3-septembre-2022\/\"]}]},{\"@type\":\"ImageObject\",\"inLanguage\":\"fr-FR\",\"@id\":\"https:\/\/reckinger-alfred.lu\/fr\/aftermovie-celebration-111ans-reckinger-2-et-3-septembre-2022\/#primaryimage\",\"url\":\"https:\/\/reckinger-alfred.lu\/app\/uploads\/2022\/09\/desk.dj_.png\",\"contentUrl\":\"https:\/\/reckinger-alfred.lu\/app\/uploads\/2022\/09\/desk.dj_.png\",\"width\":3306,\"height\":1860},{\"@type\":\"BreadcrumbList\",\"@id\":\"https:\/\/reckinger-alfred.lu\/fr\/aftermovie-celebration-111ans-reckinger-2-et-3-septembre-2022\/#breadcrumb\",\"itemListElement\":[{\"@type\":\"ListItem\",\"position\":1,\"name\":\"Home\",\"item\":\"https:\/\/reckinger-alfred.lu\/fr\/\"},{\"@type\":\"ListItem\",\"position\":2,\"name\":\"Aftermovie &#8211; C\u00e9l\u00e9bration 111ans Reckinger &#8211; 2 et 3 septembre 2022\"}]},{\"@type\":\"WebSite\",\"@id\":\"https:\/\/reckinger-alfred.lu\/fr\/#website\",\"url\":\"https:\/\/reckinger-alfred.lu\/fr\/\",\"name\":\"Reckinger Alfred S.A.\",\"description\":\"Air et Eau depuis 1911\",\"publisher\":{\"@id\":\"https:\/\/reckinger-alfred.lu\/fr\/#organization\"},\"potentialAction\":[{\"@type\":\"SearchAction\",\"target\":{\"@type\":\"EntryPoint\",\"urlTemplate\":\"https:\/\/reckinger-alfred.lu\/fr\/?s={search_term_string}\"},\"query-input\":{\"@type\":\"PropertyValueSpecification\",\"valueRequired\":true,\"valueName\":\"search_term_string\"}}],\"inLanguage\":\"fr-FR\"},{\"@type\":\"Organization\",\"@id\":\"https:\/\/reckinger-alfred.lu\/fr\/#organization\",\"name\":\"Reckinger Alfred S.A.\",\"url\":\"https:\/\/reckinger-alfred.lu\/fr\/\",\"logo\":{\"@type\":\"ImageObject\",\"inLanguage\":\"fr-FR\",\"@id\":\"https:\/\/reckinger-alfred.lu\/fr\/#\/schema\/logo\/image\/\",\"url\":\"https:\/\/reckinger-alfred.lu\/app\/uploads\/2021\/10\/logo-reckinger-color@2x.png\",\"contentUrl\":\"https:\/\/reckinger-alfred.lu\/app\/uploads\/2021\/10\/logo-reckinger-color@2x.png\",\"width\":372,\"height\":123,\"caption\":\"Reckinger Alfred S.A.\"},\"image\":{\"@id\":\"https:\/\/reckinger-alfred.lu\/fr\/#\/schema\/logo\/image\/\"},\"sameAs\":[\"https:\/\/www.facebook.com\/reckinger.air.eau\/\",\"https:\/\/www.instagram.com\/reckingeralfred.sa\/\"]},{\"@type\":\"Person\",\"@id\":\"https:\/\/reckinger-alfred.lu\/fr\/#\/schema\/person\/68f91e4250f652d446ba0cb77c37fb02\",\"name\":\"Anastassia Krivov\",\"image\":{\"@type\":\"ImageObject\",\"inLanguage\":\"fr-FR\",\"@id\":\"https:\/\/reckinger-alfred.lu\/fr\/#\/schema\/person\/image\/\",\"url\":\"https:\/\/secure.gravatar.com\/avatar\/63c428ce711fcc5e6b44307459ba7b89?s=96&d=mm&r=g\",\"contentUrl\":\"https:\/\/secure.gravatar.com\/avatar\/63c428ce711fcc5e6b44307459ba7b89?s=96&d=mm&r=g\",\"caption\":\"Anastassia Krivov\"}}]}<\/script>\n<!-- \/ Yoast SEO plugin. -->","yoast_head_json":{"title":"Aftermovie - C\u00e9l\u00e9bration 111ans Reckinger - 2 et 3 septembre 2022 : Reckinger Alfred S.A.","robots":{"index":"index","follow":"follow","max-snippet":"max-snippet:-1","max-image-preview":"max-image-preview:large","max-video-preview":"max-video-preview:-1"},"canonical":"https:\/\/reckinger-alfred.lu\/fr\/aftermovie-celebration-111ans-reckinger-2-et-3-septembre-2022\/","og_locale":"fr_FR","og_type":"article","og_title":"Aftermovie - C\u00e9l\u00e9bration 111ans Reckinger - 2 et 3 septembre 2022 : Reckinger Alfred S.A.","og_description":"Retour en vid\u00e9o sur nos 2 soir\u00e9es de c\u00e9l\u00e9bration des 111 ans de Reckinger...","og_url":"https:\/\/reckinger-alfred.lu\/fr\/aftermovie-celebration-111ans-reckinger-2-et-3-septembre-2022\/","og_site_name":"Reckinger Alfred S.A.","article_publisher":"https:\/\/www.facebook.com\/reckinger.air.eau\/","article_published_time":"2022-09-27T09:38:21+00:00","og_image":[{"width":1024,"height":576,"url":"https:\/\/reckinger-alfred.lu\/app\/uploads\/2022\/09\/desk.dj_-1024x576.png","type":"image\/png"}],"author":"Anastassia Krivov","twitter_card":"summary_large_image","twitter_misc":{"Written by":"Anastassia Krivov","Est. reading time":"1 minute"},"schema":{"@context":"https:\/\/schema.org","@graph":[{"@type":"Article","@id":"https:\/\/reckinger-alfred.lu\/fr\/aftermovie-celebration-111ans-reckinger-2-et-3-septembre-2022\/#article","isPartOf":{"@id":"https:\/\/reckinger-alfred.lu\/fr\/aftermovie-celebration-111ans-reckinger-2-et-3-septembre-2022\/"},"author":{"name":"Anastassia Krivov","@id":"https:\/\/reckinger-alfred.lu\/fr\/#\/schema\/person\/68f91e4250f652d446ba0cb77c37fb02"},"headline":"Aftermovie &#8211; C\u00e9l\u00e9bration 111ans Reckinger &#8211; 2 et 3 septembre 2022","datePublished":"2022-09-27T09:38:21+00:00","dateModified":"2022-09-27T09:38:21+00:00","mainEntityOfPage":{"@id":"https:\/\/reckinger-alfred.lu\/fr\/aftermovie-celebration-111ans-reckinger-2-et-3-septembre-2022\/"},"wordCount":124,"commentCount":0,"publisher":{"@id":"https:\/\/reckinger-alfred.lu\/fr\/#organization"},"image":{"@id":"https:\/\/reckinger-alfred.lu\/fr\/aftermovie-celebration-111ans-reckinger-2-et-3-septembre-2022\/#primaryimage"},"thumbnailUrl":"https:\/\/reckinger-alfred.lu\/app\/uploads\/2022\/09\/desk.dj_.png","articleSection":["Actualit\u00e9s"],"inLanguage":"fr-FR","potentialAction":[{"@type":"CommentAction","name":"Comment","target":["https:\/\/reckinger-alfred.lu\/fr\/aftermovie-celebration-111ans-reckinger-2-et-3-septembre-2022\/#respond"]}]},{"@type":"WebPage","@id":"https:\/\/reckinger-alfred.lu\/fr\/aftermovie-celebration-111ans-reckinger-2-et-3-septembre-2022\/","url":"https:\/\/reckinger-alfred.lu\/fr\/aftermovie-celebration-111ans-reckinger-2-et-3-septembre-2022\/","name":"Aftermovie - C\u00e9l\u00e9bration 111ans Reckinger - 2 et 3 septembre 2022 : Reckinger Alfred S.A.","isPartOf":{"@id":"https:\/\/reckinger-alfred.lu\/fr\/#website"},"primaryImageOfPage":{"@id":"https:\/\/reckinger-alfred.lu\/fr\/aftermovie-celebration-111ans-reckinger-2-et-3-septembre-2022\/#primaryimage"},"image":{"@id":"https:\/\/reckinger-alfred.lu\/fr\/aftermovie-celebration-111ans-reckinger-2-et-3-septembre-2022\/#primaryimage"},"thumbnailUrl":"https:\/\/reckinger-alfred.lu\/app\/uploads\/2022\/09\/desk.dj_.png","datePublished":"2022-09-27T09:38:21+00:00","dateModified":"2022-09-27T09:38:21+00:00","breadcrumb":{"@id":"https:\/\/reckinger-alfred.lu\/fr\/aftermovie-celebration-111ans-reckinger-2-et-3-septembre-2022\/#breadcrumb"},"inLanguage":"fr-FR","potentialAction":[{"@type":"ReadAction","target":["https:\/\/reckinger-alfred.lu\/fr\/aftermovie-celebration-111ans-reckinger-2-et-3-septembre-2022\/"]}]},{"@type":"ImageObject","inLanguage":"fr-FR","@id":"https:\/\/reckinger-alfred.lu\/fr\/aftermovie-celebration-111ans-reckinger-2-et-3-septembre-2022\/#primaryimage","url":"https:\/\/reckinger-alfred.lu\/app\/uploads\/2022\/09\/desk.dj_.png","contentUrl":"https:\/\/reckinger-alfred.lu\/app\/uploads\/2022\/09\/desk.dj_.png","width":3306,"height":1860},{"@type":"BreadcrumbList","@id":"https:\/\/reckinger-alfred.lu\/fr\/aftermovie-celebration-111ans-reckinger-2-et-3-septembre-2022\/#breadcrumb","itemListElement":[{"@type":"ListItem","position":1,"name":"Home","item":"https:\/\/reckinger-alfred.lu\/fr\/"},{"@type":"ListItem","position":2,"name":"Aftermovie &#8211; C\u00e9l\u00e9bration 111ans Reckinger &#8211; 2 et 3 septembre 2022"}]},{"@type":"WebSite","@id":"https:\/\/reckinger-alfred.lu\/fr\/#website","url":"https:\/\/reckinger-alfred.lu\/fr\/","name":"Reckinger Alfred S.A.","description":"Air et Eau depuis 1911","publisher":{"@id":"https:\/\/reckinger-alfred.lu\/fr\/#organization"},"potentialAction":[{"@type":"SearchAction","target":{"@type":"EntryPoint","urlTemplate":"https:\/\/reckinger-alfred.lu\/fr\/?s={search_term_string}"},"query-input":{"@type":"PropertyValueSpecification","valueRequired":true,"valueName":"search_term_string"}}],"inLanguage":"fr-FR"},{"@type":"Organization","@id":"https:\/\/reckinger-alfred.lu\/fr\/#organization","name":"Reckinger Alfred S.A.","url":"https:\/\/reckinger-alfred.lu\/fr\/","logo":{"@type":"ImageObject","inLanguage":"fr-FR","@id":"https:\/\/reckinger-alfred.lu\/fr\/#\/schema\/logo\/image\/","url":"https:\/\/reckinger-alfred.lu\/app\/uploads\/2021\/10\/logo-reckinger-color@2x.png","contentUrl":"https:\/\/reckinger-alfred.lu\/app\/uploads\/2021\/10\/logo-reckinger-color@2x.png","width":372,"height":123,"caption":"Reckinger Alfred S.A."},"image":{"@id":"https:\/\/reckinger-alfred.lu\/fr\/#\/schema\/logo\/image\/"},"sameAs":["https:\/\/www.facebook.com\/reckinger.air.eau\/","https:\/\/www.instagram.com\/reckingeralfred.sa\/"]},{"@type":"Person","@id":"https:\/\/reckinger-alfred.lu\/fr\/#\/schema\/person\/68f91e4250f652d446ba0cb77c37fb02","name":"Anastassia Krivov","image":{"@type":"ImageObject","inLanguage":"fr-FR","@id":"https:\/\/reckinger-alfred.lu\/fr\/#\/schema\/person\/image\/","url":"https:\/\/secure.gravatar.com\/avatar\/63c428ce711fcc5e6b44307459ba7b89?s=96&d=mm&r=g","contentUrl":"https:\/\/secure.gravatar.com\/avatar\/63c428ce711fcc5e6b44307459ba7b89?s=96&d=mm&r=g","caption":"Anastassia Krivov"}}]}},"_links":{"self":[{"href":"https:\/\/reckinger-alfred.lu\/fr\/wp-json\/wp\/v2\/posts\/2350","targetHints":{"allow":["GET"]}}],"collection":[{"href":"https:\/\/reckinger-alfred.lu\/fr\/wp-json\/wp\/v2\/posts"}],"about":[{"href":"https:\/\/reckinger-alfred.lu\/fr\/wp-json\/wp\/v2\/types\/post"}],"author":[{"embeddable":true,"href":"https:\/\/reckinger-alfred.lu\/fr\/wp-json\/wp\/v2\/users\/2"}],"replies":[{"embeddable":true,"href":"https:\/\/reckinger-alfred.lu\/fr\/wp-json\/wp\/v2\/comments?post=2350"}],"version-history":[{"count":2,"href":"https:\/\/reckinger-alfred.lu\/fr\/wp-json\/wp\/v2\/posts\/2350\/revisions"}],"predecessor-version":[{"id":2360,"href":"https:\/\/reckinger-alfred.lu\/fr\/wp-json\/wp\/v2\/posts\/2350\/revisions\/2360"}],"wp:featuredmedia":[{"embeddable":true,"href":"https:\/\/reckinger-alfred.lu\/fr\/wp-json\/wp\/v2\/media\/2351"}],"wp:attachment":[{"href":"https:\/\/reckinger-alfred.lu\/fr\/wp-json\/wp\/v2\/media?parent=2350"}],"wp:term":[{"taxonomy":"category","embeddable":true,"href":"https:\/\/reckinger-alfred.lu\/fr\/wp-json\/wp\/v2\/categories?post=2350"},{"taxonomy":"post_tag","embeddable":true,"href":"https:\/\/reckinger-alfred.lu\/fr\/wp-json\/wp\/v2\/tags?post=2350"}],"curies":[{"name":"wp","href":"https:\/\/api.w.org\/{rel}","templated":true}]}}