{"id":1379,"date":"2022-05-02T15:11:06","date_gmt":"2022-05-02T13:11:06","guid":{"rendered":"https:\/\/reckinger-alfred.lu\/?p=1379"},"modified":"2022-05-19T15:26:11","modified_gmt":"2022-05-19T13:26:11","slug":"teaser-anniversaire-reckinger-111ans","status":"publish","type":"post","link":"https:\/\/reckinger-alfred.lu\/fr\/teaser-anniversaire-reckinger-111ans\/","title":{"rendered":"Teaser 1 Anniversaire Reckinger &#8211; 111ans"},"content":{"rendered":"<p>La ma\u00eetrise de l\u2019air et l\u2019eau est notre m\u00e9tier depuis 1911, mais \u00e7a, vous le savez probablement d\u00e9j\u00e0.<\/p>\n<p>En revanche, ce que vous n&#8217;avez peut-\u00eatre pas encore not\u00e9, c\u2019est que cette ann\u00e9e nous f\u00eatons nos 111 ans !<\/p>\n<p>Et donc, c\u2019est aussi le souffle qu\u2019il nous faudra ma\u00eetriser pour venir \u00e0 bout de toutes nos bougies.<\/p>\n<p>Nous aiderez-vous ?<\/p>\n<p>&nbsp;<\/p>\n<div style=\"width: 1920px;\" class=\"wp-video\"><!--[if lt IE 9]><script>document.createElement('video');<\/script><![endif]-->\n<video class=\"wp-video-shortcode\" id=\"video-1379-1\" width=\"1920\" height=\"1080\" preload=\"auto\" controls=\"controls\"><source type=\"video\/mp4\" src=\"https:\/\/reckinger-alfred.lu\/app\/uploads\/2022\/05\/Video-Teaser-Souffle-Final.mp4?_=1\" \/><a href=\"https:\/\/reckinger-alfred.lu\/app\/uploads\/2022\/05\/Video-Teaser-Souffle-Final.mp4\">https:\/\/reckinger-alfred.lu\/app\/uploads\/2022\/05\/Video-Teaser-Souffle-Final.mp4<\/a><\/video><\/div>\n","protected":false},"excerpt":{"rendered":"<p>C&#8217;est bient\u00f4t notre anniversaire ! Entra\u00eenons-nous&#8230;<\/p>\n","protected":false},"author":2,"featured_media":1390,"comment_status":"open","ping_status":"open","sticky":false,"template":"","format":"standard","meta":{"inline_featured_image":false,"footnotes":""},"categories":[12],"tags":[],"class_list":["post-1379","post","type-post","status-publish","format-standard","has-post-thumbnail","hentry","category-actualites"],"acf":[],"yoast_head":"<!-- This site is optimized with the Yoast SEO plugin v23.9 - https:\/\/yoast.com\/wordpress\/plugins\/seo\/ -->\n<title>Teaser 1 Anniversaire Reckinger - 111ans : Reckinger Alfred S.A.<\/title>\n<meta name=\"robots\" content=\"index, follow, max-snippet:-1, max-image-preview:large, max-video-preview:-1\" \/>\n<link rel=\"canonical\" href=\"https:\/\/reckinger-alfred.lu\/fr\/teaser-anniversaire-reckinger-111ans\/\" \/>\n<meta property=\"og:locale\" content=\"fr_FR\" \/>\n<meta property=\"og:type\" content=\"article\" \/>\n<meta property=\"og:title\" content=\"Teaser 1 Anniversaire Reckinger - 111ans : Reckinger Alfred S.A.\" \/>\n<meta property=\"og:description\" content=\"C&#039;est bient\u00f4t notre anniversaire ! Entra\u00eenons-nous...\" \/>\n<meta property=\"og:url\" content=\"https:\/\/reckinger-alfred.lu\/fr\/teaser-anniversaire-reckinger-111ans\/\" \/>\n<meta property=\"og:site_name\" content=\"Reckinger Alfred S.A.\" \/>\n<meta property=\"article:publisher\" content=\"https:\/\/www.facebook.com\/reckinger.air.eau\/\" \/>\n<meta property=\"article:published_time\" content=\"2022-05-02T13:11:06+00:00\" \/>\n<meta property=\"article:modified_time\" content=\"2022-05-19T13:26:11+00:00\" \/>\n<meta property=\"og:image\" content=\"https:\/\/reckinger-alfred.lu\/app\/uploads\/2022\/05\/Teaser1-cover.png\" \/>\n\t<meta property=\"og:image:width\" content=\"1876\" \/>\n\t<meta property=\"og:image:height\" content=\"1170\" \/>\n\t<meta property=\"og:image:type\" content=\"image\/png\" \/>\n<meta name=\"author\" content=\"Anastassia Krivov\" \/>\n<meta name=\"twitter:card\" content=\"summary_large_image\" \/>\n<meta name=\"twitter:label1\" content=\"Written by\" \/>\n\t<meta name=\"twitter:data1\" content=\"Anastassia Krivov\" \/>\n\t<meta name=\"twitter:label2\" content=\"Est. reading time\" \/>\n\t<meta name=\"twitter:data2\" content=\"1 minute\" \/>\n<script type=\"application\/ld+json\" class=\"yoast-schema-graph\">{\"@context\":\"https:\/\/schema.org\",\"@graph\":[{\"@type\":\"Article\",\"@id\":\"https:\/\/reckinger-alfred.lu\/fr\/teaser-anniversaire-reckinger-111ans\/#article\",\"isPartOf\":{\"@id\":\"https:\/\/reckinger-alfred.lu\/fr\/teaser-anniversaire-reckinger-111ans\/\"},\"author\":{\"name\":\"Anastassia Krivov\",\"@id\":\"https:\/\/reckinger-alfred.lu\/fr\/#\/schema\/person\/68f91e4250f652d446ba0cb77c37fb02\"},\"headline\":\"Teaser 1 Anniversaire Reckinger &#8211; 111ans\",\"datePublished\":\"2022-05-02T13:11:06+00:00\",\"dateModified\":\"2022-05-19T13:26:11+00:00\",\"mainEntityOfPage\":{\"@id\":\"https:\/\/reckinger-alfred.lu\/fr\/teaser-anniversaire-reckinger-111ans\/\"},\"wordCount\":86,\"commentCount\":0,\"publisher\":{\"@id\":\"https:\/\/reckinger-alfred.lu\/fr\/#organization\"},\"image\":{\"@id\":\"https:\/\/reckinger-alfred.lu\/fr\/teaser-anniversaire-reckinger-111ans\/#primaryimage\"},\"thumbnailUrl\":\"https:\/\/reckinger-alfred.lu\/app\/uploads\/2022\/05\/Teaser1-cover.png\",\"articleSection\":[\"Actualit\u00e9s\"],\"inLanguage\":\"fr-FR\",\"potentialAction\":[{\"@type\":\"CommentAction\",\"name\":\"Comment\",\"target\":[\"https:\/\/reckinger-alfred.lu\/fr\/teaser-anniversaire-reckinger-111ans\/#respond\"]}]},{\"@type\":\"WebPage\",\"@id\":\"https:\/\/reckinger-alfred.lu\/fr\/teaser-anniversaire-reckinger-111ans\/\",\"url\":\"https:\/\/reckinger-alfred.lu\/fr\/teaser-anniversaire-reckinger-111ans\/\",\"name\":\"Teaser 1 Anniversaire Reckinger - 111ans : Reckinger Alfred S.A.\",\"isPartOf\":{\"@id\":\"https:\/\/reckinger-alfred.lu\/fr\/#website\"},\"primaryImageOfPage\":{\"@id\":\"https:\/\/reckinger-alfred.lu\/fr\/teaser-anniversaire-reckinger-111ans\/#primaryimage\"},\"image\":{\"@id\":\"https:\/\/reckinger-alfred.lu\/fr\/teaser-anniversaire-reckinger-111ans\/#primaryimage\"},\"thumbnailUrl\":\"https:\/\/reckinger-alfred.lu\/app\/uploads\/2022\/05\/Teaser1-cover.png\",\"datePublished\":\"2022-05-02T13:11:06+00:00\",\"dateModified\":\"2022-05-19T13:26:11+00:00\",\"breadcrumb\":{\"@id\":\"https:\/\/reckinger-alfred.lu\/fr\/teaser-anniversaire-reckinger-111ans\/#breadcrumb\"},\"inLanguage\":\"fr-FR\",\"potentialAction\":[{\"@type\":\"ReadAction\",\"target\":[\"https:\/\/reckinger-alfred.lu\/fr\/teaser-anniversaire-reckinger-111ans\/\"]}]},{\"@type\":\"ImageObject\",\"inLanguage\":\"fr-FR\",\"@id\":\"https:\/\/reckinger-alfred.lu\/fr\/teaser-anniversaire-reckinger-111ans\/#primaryimage\",\"url\":\"https:\/\/reckinger-alfred.lu\/app\/uploads\/2022\/05\/Teaser1-cover.png\",\"contentUrl\":\"https:\/\/reckinger-alfred.lu\/app\/uploads\/2022\/05\/Teaser1-cover.png\",\"width\":1876,\"height\":1170},{\"@type\":\"BreadcrumbList\",\"@id\":\"https:\/\/reckinger-alfred.lu\/fr\/teaser-anniversaire-reckinger-111ans\/#breadcrumb\",\"itemListElement\":[{\"@type\":\"ListItem\",\"position\":1,\"name\":\"Home\",\"item\":\"https:\/\/reckinger-alfred.lu\/fr\/\"},{\"@type\":\"ListItem\",\"position\":2,\"name\":\"Teaser 1 Anniversaire Reckinger &#8211; 111ans\"}]},{\"@type\":\"WebSite\",\"@id\":\"https:\/\/reckinger-alfred.lu\/fr\/#website\",\"url\":\"https:\/\/reckinger-alfred.lu\/fr\/\",\"name\":\"Reckinger Alfred S.A.\",\"description\":\"Air et Eau depuis 1911\",\"publisher\":{\"@id\":\"https:\/\/reckinger-alfred.lu\/fr\/#organization\"},\"potentialAction\":[{\"@type\":\"SearchAction\",\"target\":{\"@type\":\"EntryPoint\",\"urlTemplate\":\"https:\/\/reckinger-alfred.lu\/fr\/?s={search_term_string}\"},\"query-input\":{\"@type\":\"PropertyValueSpecification\",\"valueRequired\":true,\"valueName\":\"search_term_string\"}}],\"inLanguage\":\"fr-FR\"},{\"@type\":\"Organization\",\"@id\":\"https:\/\/reckinger-alfred.lu\/fr\/#organization\",\"name\":\"Reckinger Alfred S.A.\",\"url\":\"https:\/\/reckinger-alfred.lu\/fr\/\",\"logo\":{\"@type\":\"ImageObject\",\"inLanguage\":\"fr-FR\",\"@id\":\"https:\/\/reckinger-alfred.lu\/fr\/#\/schema\/logo\/image\/\",\"url\":\"https:\/\/reckinger-alfred.lu\/app\/uploads\/2021\/10\/logo-reckinger-color@2x.png\",\"contentUrl\":\"https:\/\/reckinger-alfred.lu\/app\/uploads\/2021\/10\/logo-reckinger-color@2x.png\",\"width\":372,\"height\":123,\"caption\":\"Reckinger Alfred S.A.\"},\"image\":{\"@id\":\"https:\/\/reckinger-alfred.lu\/fr\/#\/schema\/logo\/image\/\"},\"sameAs\":[\"https:\/\/www.facebook.com\/reckinger.air.eau\/\",\"https:\/\/www.instagram.com\/reckingeralfred.sa\/\"]},{\"@type\":\"Person\",\"@id\":\"https:\/\/reckinger-alfred.lu\/fr\/#\/schema\/person\/68f91e4250f652d446ba0cb77c37fb02\",\"name\":\"Anastassia Krivov\",\"image\":{\"@type\":\"ImageObject\",\"inLanguage\":\"fr-FR\",\"@id\":\"https:\/\/reckinger-alfred.lu\/fr\/#\/schema\/person\/image\/\",\"url\":\"https:\/\/secure.gravatar.com\/avatar\/63c428ce711fcc5e6b44307459ba7b89?s=96&d=mm&r=g\",\"contentUrl\":\"https:\/\/secure.gravatar.com\/avatar\/63c428ce711fcc5e6b44307459ba7b89?s=96&d=mm&r=g\",\"caption\":\"Anastassia Krivov\"}}]}<\/script>\n<!-- \/ Yoast SEO plugin. -->","yoast_head_json":{"title":"Teaser 1 Anniversaire Reckinger - 111ans : Reckinger Alfred S.A.","robots":{"index":"index","follow":"follow","max-snippet":"max-snippet:-1","max-image-preview":"max-image-preview:large","max-video-preview":"max-video-preview:-1"},"canonical":"https:\/\/reckinger-alfred.lu\/fr\/teaser-anniversaire-reckinger-111ans\/","og_locale":"fr_FR","og_type":"article","og_title":"Teaser 1 Anniversaire Reckinger - 111ans : Reckinger Alfred S.A.","og_description":"C'est bient\u00f4t notre anniversaire ! Entra\u00eenons-nous...","og_url":"https:\/\/reckinger-alfred.lu\/fr\/teaser-anniversaire-reckinger-111ans\/","og_site_name":"Reckinger Alfred S.A.","article_publisher":"https:\/\/www.facebook.com\/reckinger.air.eau\/","article_published_time":"2022-05-02T13:11:06+00:00","article_modified_time":"2022-05-19T13:26:11+00:00","og_image":[{"width":1876,"height":1170,"url":"https:\/\/reckinger-alfred.lu\/app\/uploads\/2022\/05\/Teaser1-cover.png","type":"image\/png"}],"author":"Anastassia Krivov","twitter_card":"summary_large_image","twitter_misc":{"Written by":"Anastassia Krivov","Est. reading time":"1 minute"},"schema":{"@context":"https:\/\/schema.org","@graph":[{"@type":"Article","@id":"https:\/\/reckinger-alfred.lu\/fr\/teaser-anniversaire-reckinger-111ans\/#article","isPartOf":{"@id":"https:\/\/reckinger-alfred.lu\/fr\/teaser-anniversaire-reckinger-111ans\/"},"author":{"name":"Anastassia Krivov","@id":"https:\/\/reckinger-alfred.lu\/fr\/#\/schema\/person\/68f91e4250f652d446ba0cb77c37fb02"},"headline":"Teaser 1 Anniversaire Reckinger &#8211; 111ans","datePublished":"2022-05-02T13:11:06+00:00","dateModified":"2022-05-19T13:26:11+00:00","mainEntityOfPage":{"@id":"https:\/\/reckinger-alfred.lu\/fr\/teaser-anniversaire-reckinger-111ans\/"},"wordCount":86,"commentCount":0,"publisher":{"@id":"https:\/\/reckinger-alfred.lu\/fr\/#organization"},"image":{"@id":"https:\/\/reckinger-alfred.lu\/fr\/teaser-anniversaire-reckinger-111ans\/#primaryimage"},"thumbnailUrl":"https:\/\/reckinger-alfred.lu\/app\/uploads\/2022\/05\/Teaser1-cover.png","articleSection":["Actualit\u00e9s"],"inLanguage":"fr-FR","potentialAction":[{"@type":"CommentAction","name":"Comment","target":["https:\/\/reckinger-alfred.lu\/fr\/teaser-anniversaire-reckinger-111ans\/#respond"]}]},{"@type":"WebPage","@id":"https:\/\/reckinger-alfred.lu\/fr\/teaser-anniversaire-reckinger-111ans\/","url":"https:\/\/reckinger-alfred.lu\/fr\/teaser-anniversaire-reckinger-111ans\/","name":"Teaser 1 Anniversaire Reckinger - 111ans : Reckinger Alfred S.A.","isPartOf":{"@id":"https:\/\/reckinger-alfred.lu\/fr\/#website"},"primaryImageOfPage":{"@id":"https:\/\/reckinger-alfred.lu\/fr\/teaser-anniversaire-reckinger-111ans\/#primaryimage"},"image":{"@id":"https:\/\/reckinger-alfred.lu\/fr\/teaser-anniversaire-reckinger-111ans\/#primaryimage"},"thumbnailUrl":"https:\/\/reckinger-alfred.lu\/app\/uploads\/2022\/05\/Teaser1-cover.png","datePublished":"2022-05-02T13:11:06+00:00","dateModified":"2022-05-19T13:26:11+00:00","breadcrumb":{"@id":"https:\/\/reckinger-alfred.lu\/fr\/teaser-anniversaire-reckinger-111ans\/#breadcrumb"},"inLanguage":"fr-FR","potentialAction":[{"@type":"ReadAction","target":["https:\/\/reckinger-alfred.lu\/fr\/teaser-anniversaire-reckinger-111ans\/"]}]},{"@type":"ImageObject","inLanguage":"fr-FR","@id":"https:\/\/reckinger-alfred.lu\/fr\/teaser-anniversaire-reckinger-111ans\/#primaryimage","url":"https:\/\/reckinger-alfred.lu\/app\/uploads\/2022\/05\/Teaser1-cover.png","contentUrl":"https:\/\/reckinger-alfred.lu\/app\/uploads\/2022\/05\/Teaser1-cover.png","width":1876,"height":1170},{"@type":"BreadcrumbList","@id":"https:\/\/reckinger-alfred.lu\/fr\/teaser-anniversaire-reckinger-111ans\/#breadcrumb","itemListElement":[{"@type":"ListItem","position":1,"name":"Home","item":"https:\/\/reckinger-alfred.lu\/fr\/"},{"@type":"ListItem","position":2,"name":"Teaser 1 Anniversaire Reckinger &#8211; 111ans"}]},{"@type":"WebSite","@id":"https:\/\/reckinger-alfred.lu\/fr\/#website","url":"https:\/\/reckinger-alfred.lu\/fr\/","name":"Reckinger Alfred S.A.","description":"Air et Eau depuis 1911","publisher":{"@id":"https:\/\/reckinger-alfred.lu\/fr\/#organization"},"potentialAction":[{"@type":"SearchAction","target":{"@type":"EntryPoint","urlTemplate":"https:\/\/reckinger-alfred.lu\/fr\/?s={search_term_string}"},"query-input":{"@type":"PropertyValueSpecification","valueRequired":true,"valueName":"search_term_string"}}],"inLanguage":"fr-FR"},{"@type":"Organization","@id":"https:\/\/reckinger-alfred.lu\/fr\/#organization","name":"Reckinger Alfred S.A.","url":"https:\/\/reckinger-alfred.lu\/fr\/","logo":{"@type":"ImageObject","inLanguage":"fr-FR","@id":"https:\/\/reckinger-alfred.lu\/fr\/#\/schema\/logo\/image\/","url":"https:\/\/reckinger-alfred.lu\/app\/uploads\/2021\/10\/logo-reckinger-color@2x.png","contentUrl":"https:\/\/reckinger-alfred.lu\/app\/uploads\/2021\/10\/logo-reckinger-color@2x.png","width":372,"height":123,"caption":"Reckinger Alfred S.A."},"image":{"@id":"https:\/\/reckinger-alfred.lu\/fr\/#\/schema\/logo\/image\/"},"sameAs":["https:\/\/www.facebook.com\/reckinger.air.eau\/","https:\/\/www.instagram.com\/reckingeralfred.sa\/"]},{"@type":"Person","@id":"https:\/\/reckinger-alfred.lu\/fr\/#\/schema\/person\/68f91e4250f652d446ba0cb77c37fb02","name":"Anastassia Krivov","image":{"@type":"ImageObject","inLanguage":"fr-FR","@id":"https:\/\/reckinger-alfred.lu\/fr\/#\/schema\/person\/image\/","url":"https:\/\/secure.gravatar.com\/avatar\/63c428ce711fcc5e6b44307459ba7b89?s=96&d=mm&r=g","contentUrl":"https:\/\/secure.gravatar.com\/avatar\/63c428ce711fcc5e6b44307459ba7b89?s=96&d=mm&r=g","caption":"Anastassia Krivov"}}]}},"_links":{"self":[{"href":"https:\/\/reckinger-alfred.lu\/fr\/wp-json\/wp\/v2\/posts\/1379","targetHints":{"allow":["GET"]}}],"collection":[{"href":"https:\/\/reckinger-alfred.lu\/fr\/wp-json\/wp\/v2\/posts"}],"about":[{"href":"https:\/\/reckinger-alfred.lu\/fr\/wp-json\/wp\/v2\/types\/post"}],"author":[{"embeddable":true,"href":"https:\/\/reckinger-alfred.lu\/fr\/wp-json\/wp\/v2\/users\/2"}],"replies":[{"embeddable":true,"href":"https:\/\/reckinger-alfred.lu\/fr\/wp-json\/wp\/v2\/comments?post=1379"}],"version-history":[{"count":9,"href":"https:\/\/reckinger-alfred.lu\/fr\/wp-json\/wp\/v2\/posts\/1379\/revisions"}],"predecessor-version":[{"id":1398,"href":"https:\/\/reckinger-alfred.lu\/fr\/wp-json\/wp\/v2\/posts\/1379\/revisions\/1398"}],"wp:featuredmedia":[{"embeddable":true,"href":"https:\/\/reckinger-alfred.lu\/fr\/wp-json\/wp\/v2\/media\/1390"}],"wp:attachment":[{"href":"https:\/\/reckinger-alfred.lu\/fr\/wp-json\/wp\/v2\/media?parent=1379"}],"wp:term":[{"taxonomy":"category","embeddable":true,"href":"https:\/\/reckinger-alfred.lu\/fr\/wp-json\/wp\/v2\/categories?post=1379"},{"taxonomy":"post_tag","embeddable":true,"href":"https:\/\/reckinger-alfred.lu\/fr\/wp-json\/wp\/v2\/tags?post=1379"}],"curies":[{"name":"wp","href":"https:\/\/api.w.org\/{rel}","templated":true}]}}