{"id":1110,"date":"2021-10-21T11:06:38","date_gmt":"2021-10-21T09:06:38","guid":{"rendered":"https:\/\/reckinger-alfred.lu\/?p=1110"},"modified":"2025-12-09T13:43:10","modified_gmt":"2025-12-09T12:43:10","slug":"la-rse-vue-par-michel-reckinger","status":"publish","type":"post","link":"https:\/\/reckinger-alfred.lu\/fr\/la-rse-vue-par-michel-reckinger\/","title":{"rendered":"La RSE vue par Michel Reckinger"},"content":{"rendered":"<p>En amont de son intervention lors 10&#215;6 RSE du Paperjam Club du 21 octobre 2021, Michel Reckinger a donn\u00e9 une interview pr\u00e9liminaire en 3 questions.<\/p>\n<p>\u00abJ\u2019ai toujours eu comme devise de faire en sorte que \u2018ce que je fais aujourd\u2019hui n\u2019affecte pas ce que je l\u00e9guerai \u00e0 mes enfants\u2019. En tant que patron, je traduis cela \u00e9conomiquement, socialement et environnementalement par \u2018pr\u00e9server l\u2019emploi, ne pas \u00e9puiser les ressources et proposer des installations raisonn\u00e9es qui sont au service du bien-\u00eatre du client\u2019. Personnellement, je vois donc la RSE comme une n\u00e9cessit\u00e9 morale, un engagement, plus que comme une obligation.[&#8230;]\u00bb &#8211; Michel Reckinger<\/p>\n<p>D\u00e9couvrez sa vision de la RSE en lisant l&#8217;article : <a href=\"https:\/\/paperjam.lu\/article\/je-vois-rse-comme-necessite-mo\">https:\/\/paperjam.lu\/article\/<\/a><\/p>\n","protected":false},"excerpt":{"rendered":"<p>Interview 3 questions de Michel Reckinger par le Paperjam. D\u00e9couvrez la vision de la RSE&#8230;<\/p>\n","protected":false},"author":2,"featured_media":1111,"comment_status":"open","ping_status":"open","sticky":false,"template":"","format":"standard","meta":{"inline_featured_image":false,"footnotes":""},"categories":[12],"tags":[],"class_list":["post-1110","post","type-post","status-publish","format-standard","has-post-thumbnail","hentry","category-actualites"],"acf":[],"yoast_head":"<!-- This site is optimized with the Yoast SEO plugin v23.9 - https:\/\/yoast.com\/wordpress\/plugins\/seo\/ -->\n<title>La RSE vue par Michel Reckinger : Reckinger Alfred S.A.<\/title>\n<meta name=\"description\" content=\"D\u00e9couvrez la vision de Michel Reckinger sur la RSE, entre responsabilit\u00e9 morale, transition durable et nouveaux mod\u00e8les \u00e9conomiques pour les entreprises.\" \/>\n<meta name=\"robots\" content=\"index, follow, max-snippet:-1, max-image-preview:large, max-video-preview:-1\" \/>\n<link rel=\"canonical\" href=\"https:\/\/reckinger-alfred.lu\/fr\/la-rse-vue-par-michel-reckinger\/\" \/>\n<meta property=\"og:locale\" content=\"fr_FR\" \/>\n<meta property=\"og:type\" content=\"article\" \/>\n<meta property=\"og:title\" content=\"La RSE vue par Michel Reckinger : Reckinger Alfred S.A.\" \/>\n<meta property=\"og:description\" content=\"D\u00e9couvrez la vision de Michel Reckinger sur la RSE, entre responsabilit\u00e9 morale, transition durable et nouveaux mod\u00e8les \u00e9conomiques pour les entreprises.\" \/>\n<meta property=\"og:url\" content=\"https:\/\/reckinger-alfred.lu\/fr\/la-rse-vue-par-michel-reckinger\/\" \/>\n<meta property=\"og:site_name\" content=\"Reckinger Alfred S.A.\" \/>\n<meta property=\"article:publisher\" content=\"https:\/\/www.facebook.com\/reckinger.air.eau\/\" \/>\n<meta property=\"article:published_time\" content=\"2021-10-21T09:06:38+00:00\" \/>\n<meta property=\"article:modified_time\" content=\"2025-12-09T12:43:10+00:00\" \/>\n<meta property=\"og:image\" content=\"https:\/\/reckinger-alfred.lu\/app\/uploads\/2021\/11\/AB_6539-2-scaled.jpg\" \/>\n\t<meta property=\"og:image:width\" content=\"2560\" \/>\n\t<meta property=\"og:image:height\" content=\"1707\" \/>\n\t<meta property=\"og:image:type\" content=\"image\/jpeg\" \/>\n<meta name=\"author\" content=\"Anastassia Krivov\" \/>\n<meta name=\"twitter:card\" content=\"summary_large_image\" \/>\n<meta name=\"twitter:label1\" content=\"Written by\" \/>\n\t<meta name=\"twitter:data1\" content=\"Anastassia Krivov\" \/>\n\t<meta name=\"twitter:label2\" content=\"Est. reading time\" \/>\n\t<meta name=\"twitter:data2\" content=\"1 minute\" \/>\n<script type=\"application\/ld+json\" class=\"yoast-schema-graph\">{\"@context\":\"https:\/\/schema.org\",\"@graph\":[{\"@type\":\"Article\",\"@id\":\"https:\/\/reckinger-alfred.lu\/fr\/la-rse-vue-par-michel-reckinger\/#article\",\"isPartOf\":{\"@id\":\"https:\/\/reckinger-alfred.lu\/fr\/la-rse-vue-par-michel-reckinger\/\"},\"author\":{\"name\":\"Anastassia Krivov\",\"@id\":\"https:\/\/reckinger-alfred.lu\/fr\/#\/schema\/person\/68f91e4250f652d446ba0cb77c37fb02\"},\"headline\":\"La RSE vue par Michel Reckinger\",\"datePublished\":\"2021-10-21T09:06:38+00:00\",\"dateModified\":\"2025-12-09T12:43:10+00:00\",\"mainEntityOfPage\":{\"@id\":\"https:\/\/reckinger-alfred.lu\/fr\/la-rse-vue-par-michel-reckinger\/\"},\"wordCount\":127,\"commentCount\":0,\"publisher\":{\"@id\":\"https:\/\/reckinger-alfred.lu\/fr\/#organization\"},\"image\":{\"@id\":\"https:\/\/reckinger-alfred.lu\/fr\/la-rse-vue-par-michel-reckinger\/#primaryimage\"},\"thumbnailUrl\":\"https:\/\/reckinger-alfred.lu\/app\/uploads\/2021\/11\/AB_6539-2-scaled.jpg\",\"articleSection\":[\"Actualit\u00e9s\"],\"inLanguage\":\"fr-FR\",\"potentialAction\":[{\"@type\":\"CommentAction\",\"name\":\"Comment\",\"target\":[\"https:\/\/reckinger-alfred.lu\/fr\/la-rse-vue-par-michel-reckinger\/#respond\"]}]},{\"@type\":\"WebPage\",\"@id\":\"https:\/\/reckinger-alfred.lu\/fr\/la-rse-vue-par-michel-reckinger\/\",\"url\":\"https:\/\/reckinger-alfred.lu\/fr\/la-rse-vue-par-michel-reckinger\/\",\"name\":\"La RSE vue par Michel Reckinger : Reckinger Alfred S.A.\",\"isPartOf\":{\"@id\":\"https:\/\/reckinger-alfred.lu\/fr\/#website\"},\"primaryImageOfPage\":{\"@id\":\"https:\/\/reckinger-alfred.lu\/fr\/la-rse-vue-par-michel-reckinger\/#primaryimage\"},\"image\":{\"@id\":\"https:\/\/reckinger-alfred.lu\/fr\/la-rse-vue-par-michel-reckinger\/#primaryimage\"},\"thumbnailUrl\":\"https:\/\/reckinger-alfred.lu\/app\/uploads\/2021\/11\/AB_6539-2-scaled.jpg\",\"datePublished\":\"2021-10-21T09:06:38+00:00\",\"dateModified\":\"2025-12-09T12:43:10+00:00\",\"description\":\"D\u00e9couvrez la vision de Michel Reckinger sur la RSE, entre responsabilit\u00e9 morale, transition durable et nouveaux mod\u00e8les \u00e9conomiques pour les entreprises.\",\"breadcrumb\":{\"@id\":\"https:\/\/reckinger-alfred.lu\/fr\/la-rse-vue-par-michel-reckinger\/#breadcrumb\"},\"inLanguage\":\"fr-FR\",\"potentialAction\":[{\"@type\":\"ReadAction\",\"target\":[\"https:\/\/reckinger-alfred.lu\/fr\/la-rse-vue-par-michel-reckinger\/\"]}]},{\"@type\":\"ImageObject\",\"inLanguage\":\"fr-FR\",\"@id\":\"https:\/\/reckinger-alfred.lu\/fr\/la-rse-vue-par-michel-reckinger\/#primaryimage\",\"url\":\"https:\/\/reckinger-alfred.lu\/app\/uploads\/2021\/11\/AB_6539-2-scaled.jpg\",\"contentUrl\":\"https:\/\/reckinger-alfred.lu\/app\/uploads\/2021\/11\/AB_6539-2-scaled.jpg\",\"width\":2560,\"height\":1707},{\"@type\":\"BreadcrumbList\",\"@id\":\"https:\/\/reckinger-alfred.lu\/fr\/la-rse-vue-par-michel-reckinger\/#breadcrumb\",\"itemListElement\":[{\"@type\":\"ListItem\",\"position\":1,\"name\":\"Home\",\"item\":\"https:\/\/reckinger-alfred.lu\/fr\/\"},{\"@type\":\"ListItem\",\"position\":2,\"name\":\"La RSE vue par Michel Reckinger\"}]},{\"@type\":\"WebSite\",\"@id\":\"https:\/\/reckinger-alfred.lu\/fr\/#website\",\"url\":\"https:\/\/reckinger-alfred.lu\/fr\/\",\"name\":\"Reckinger Alfred S.A.\",\"description\":\"Air et Eau depuis 1911\",\"publisher\":{\"@id\":\"https:\/\/reckinger-alfred.lu\/fr\/#organization\"},\"potentialAction\":[{\"@type\":\"SearchAction\",\"target\":{\"@type\":\"EntryPoint\",\"urlTemplate\":\"https:\/\/reckinger-alfred.lu\/fr\/?s={search_term_string}\"},\"query-input\":{\"@type\":\"PropertyValueSpecification\",\"valueRequired\":true,\"valueName\":\"search_term_string\"}}],\"inLanguage\":\"fr-FR\"},{\"@type\":\"Organization\",\"@id\":\"https:\/\/reckinger-alfred.lu\/fr\/#organization\",\"name\":\"Reckinger Alfred S.A.\",\"url\":\"https:\/\/reckinger-alfred.lu\/fr\/\",\"logo\":{\"@type\":\"ImageObject\",\"inLanguage\":\"fr-FR\",\"@id\":\"https:\/\/reckinger-alfred.lu\/fr\/#\/schema\/logo\/image\/\",\"url\":\"https:\/\/reckinger-alfred.lu\/app\/uploads\/2021\/10\/logo-reckinger-color@2x.png\",\"contentUrl\":\"https:\/\/reckinger-alfred.lu\/app\/uploads\/2021\/10\/logo-reckinger-color@2x.png\",\"width\":372,\"height\":123,\"caption\":\"Reckinger Alfred S.A.\"},\"image\":{\"@id\":\"https:\/\/reckinger-alfred.lu\/fr\/#\/schema\/logo\/image\/\"},\"sameAs\":[\"https:\/\/www.facebook.com\/reckinger.air.eau\/\",\"https:\/\/www.instagram.com\/reckingeralfred.sa\/\"]},{\"@type\":\"Person\",\"@id\":\"https:\/\/reckinger-alfred.lu\/fr\/#\/schema\/person\/68f91e4250f652d446ba0cb77c37fb02\",\"name\":\"Anastassia Krivov\",\"image\":{\"@type\":\"ImageObject\",\"inLanguage\":\"fr-FR\",\"@id\":\"https:\/\/reckinger-alfred.lu\/fr\/#\/schema\/person\/image\/\",\"url\":\"https:\/\/secure.gravatar.com\/avatar\/63c428ce711fcc5e6b44307459ba7b89?s=96&d=mm&r=g\",\"contentUrl\":\"https:\/\/secure.gravatar.com\/avatar\/63c428ce711fcc5e6b44307459ba7b89?s=96&d=mm&r=g\",\"caption\":\"Anastassia Krivov\"}}]}<\/script>\n<!-- \/ Yoast SEO plugin. -->","yoast_head_json":{"title":"La RSE vue par Michel Reckinger : Reckinger Alfred S.A.","description":"D\u00e9couvrez la vision de Michel Reckinger sur la RSE, entre responsabilit\u00e9 morale, transition durable et nouveaux mod\u00e8les \u00e9conomiques pour les entreprises.","robots":{"index":"index","follow":"follow","max-snippet":"max-snippet:-1","max-image-preview":"max-image-preview:large","max-video-preview":"max-video-preview:-1"},"canonical":"https:\/\/reckinger-alfred.lu\/fr\/la-rse-vue-par-michel-reckinger\/","og_locale":"fr_FR","og_type":"article","og_title":"La RSE vue par Michel Reckinger : Reckinger Alfred S.A.","og_description":"D\u00e9couvrez la vision de Michel Reckinger sur la RSE, entre responsabilit\u00e9 morale, transition durable et nouveaux mod\u00e8les \u00e9conomiques pour les entreprises.","og_url":"https:\/\/reckinger-alfred.lu\/fr\/la-rse-vue-par-michel-reckinger\/","og_site_name":"Reckinger Alfred S.A.","article_publisher":"https:\/\/www.facebook.com\/reckinger.air.eau\/","article_published_time":"2021-10-21T09:06:38+00:00","article_modified_time":"2025-12-09T12:43:10+00:00","og_image":[{"width":2560,"height":1707,"url":"https:\/\/reckinger-alfred.lu\/app\/uploads\/2021\/11\/AB_6539-2-scaled.jpg","type":"image\/jpeg"}],"author":"Anastassia Krivov","twitter_card":"summary_large_image","twitter_misc":{"Written by":"Anastassia Krivov","Est. reading time":"1 minute"},"schema":{"@context":"https:\/\/schema.org","@graph":[{"@type":"Article","@id":"https:\/\/reckinger-alfred.lu\/fr\/la-rse-vue-par-michel-reckinger\/#article","isPartOf":{"@id":"https:\/\/reckinger-alfred.lu\/fr\/la-rse-vue-par-michel-reckinger\/"},"author":{"name":"Anastassia Krivov","@id":"https:\/\/reckinger-alfred.lu\/fr\/#\/schema\/person\/68f91e4250f652d446ba0cb77c37fb02"},"headline":"La RSE vue par Michel Reckinger","datePublished":"2021-10-21T09:06:38+00:00","dateModified":"2025-12-09T12:43:10+00:00","mainEntityOfPage":{"@id":"https:\/\/reckinger-alfred.lu\/fr\/la-rse-vue-par-michel-reckinger\/"},"wordCount":127,"commentCount":0,"publisher":{"@id":"https:\/\/reckinger-alfred.lu\/fr\/#organization"},"image":{"@id":"https:\/\/reckinger-alfred.lu\/fr\/la-rse-vue-par-michel-reckinger\/#primaryimage"},"thumbnailUrl":"https:\/\/reckinger-alfred.lu\/app\/uploads\/2021\/11\/AB_6539-2-scaled.jpg","articleSection":["Actualit\u00e9s"],"inLanguage":"fr-FR","potentialAction":[{"@type":"CommentAction","name":"Comment","target":["https:\/\/reckinger-alfred.lu\/fr\/la-rse-vue-par-michel-reckinger\/#respond"]}]},{"@type":"WebPage","@id":"https:\/\/reckinger-alfred.lu\/fr\/la-rse-vue-par-michel-reckinger\/","url":"https:\/\/reckinger-alfred.lu\/fr\/la-rse-vue-par-michel-reckinger\/","name":"La RSE vue par Michel Reckinger : Reckinger Alfred S.A.","isPartOf":{"@id":"https:\/\/reckinger-alfred.lu\/fr\/#website"},"primaryImageOfPage":{"@id":"https:\/\/reckinger-alfred.lu\/fr\/la-rse-vue-par-michel-reckinger\/#primaryimage"},"image":{"@id":"https:\/\/reckinger-alfred.lu\/fr\/la-rse-vue-par-michel-reckinger\/#primaryimage"},"thumbnailUrl":"https:\/\/reckinger-alfred.lu\/app\/uploads\/2021\/11\/AB_6539-2-scaled.jpg","datePublished":"2021-10-21T09:06:38+00:00","dateModified":"2025-12-09T12:43:10+00:00","description":"D\u00e9couvrez la vision de Michel Reckinger sur la RSE, entre responsabilit\u00e9 morale, transition durable et nouveaux mod\u00e8les \u00e9conomiques pour les entreprises.","breadcrumb":{"@id":"https:\/\/reckinger-alfred.lu\/fr\/la-rse-vue-par-michel-reckinger\/#breadcrumb"},"inLanguage":"fr-FR","potentialAction":[{"@type":"ReadAction","target":["https:\/\/reckinger-alfred.lu\/fr\/la-rse-vue-par-michel-reckinger\/"]}]},{"@type":"ImageObject","inLanguage":"fr-FR","@id":"https:\/\/reckinger-alfred.lu\/fr\/la-rse-vue-par-michel-reckinger\/#primaryimage","url":"https:\/\/reckinger-alfred.lu\/app\/uploads\/2021\/11\/AB_6539-2-scaled.jpg","contentUrl":"https:\/\/reckinger-alfred.lu\/app\/uploads\/2021\/11\/AB_6539-2-scaled.jpg","width":2560,"height":1707},{"@type":"BreadcrumbList","@id":"https:\/\/reckinger-alfred.lu\/fr\/la-rse-vue-par-michel-reckinger\/#breadcrumb","itemListElement":[{"@type":"ListItem","position":1,"name":"Home","item":"https:\/\/reckinger-alfred.lu\/fr\/"},{"@type":"ListItem","position":2,"name":"La RSE vue par Michel Reckinger"}]},{"@type":"WebSite","@id":"https:\/\/reckinger-alfred.lu\/fr\/#website","url":"https:\/\/reckinger-alfred.lu\/fr\/","name":"Reckinger Alfred S.A.","description":"Air et Eau depuis 1911","publisher":{"@id":"https:\/\/reckinger-alfred.lu\/fr\/#organization"},"potentialAction":[{"@type":"SearchAction","target":{"@type":"EntryPoint","urlTemplate":"https:\/\/reckinger-alfred.lu\/fr\/?s={search_term_string}"},"query-input":{"@type":"PropertyValueSpecification","valueRequired":true,"valueName":"search_term_string"}}],"inLanguage":"fr-FR"},{"@type":"Organization","@id":"https:\/\/reckinger-alfred.lu\/fr\/#organization","name":"Reckinger Alfred S.A.","url":"https:\/\/reckinger-alfred.lu\/fr\/","logo":{"@type":"ImageObject","inLanguage":"fr-FR","@id":"https:\/\/reckinger-alfred.lu\/fr\/#\/schema\/logo\/image\/","url":"https:\/\/reckinger-alfred.lu\/app\/uploads\/2021\/10\/logo-reckinger-color@2x.png","contentUrl":"https:\/\/reckinger-alfred.lu\/app\/uploads\/2021\/10\/logo-reckinger-color@2x.png","width":372,"height":123,"caption":"Reckinger Alfred S.A."},"image":{"@id":"https:\/\/reckinger-alfred.lu\/fr\/#\/schema\/logo\/image\/"},"sameAs":["https:\/\/www.facebook.com\/reckinger.air.eau\/","https:\/\/www.instagram.com\/reckingeralfred.sa\/"]},{"@type":"Person","@id":"https:\/\/reckinger-alfred.lu\/fr\/#\/schema\/person\/68f91e4250f652d446ba0cb77c37fb02","name":"Anastassia Krivov","image":{"@type":"ImageObject","inLanguage":"fr-FR","@id":"https:\/\/reckinger-alfred.lu\/fr\/#\/schema\/person\/image\/","url":"https:\/\/secure.gravatar.com\/avatar\/63c428ce711fcc5e6b44307459ba7b89?s=96&d=mm&r=g","contentUrl":"https:\/\/secure.gravatar.com\/avatar\/63c428ce711fcc5e6b44307459ba7b89?s=96&d=mm&r=g","caption":"Anastassia Krivov"}}]}},"_links":{"self":[{"href":"https:\/\/reckinger-alfred.lu\/fr\/wp-json\/wp\/v2\/posts\/1110","targetHints":{"allow":["GET"]}}],"collection":[{"href":"https:\/\/reckinger-alfred.lu\/fr\/wp-json\/wp\/v2\/posts"}],"about":[{"href":"https:\/\/reckinger-alfred.lu\/fr\/wp-json\/wp\/v2\/types\/post"}],"author":[{"embeddable":true,"href":"https:\/\/reckinger-alfred.lu\/fr\/wp-json\/wp\/v2\/users\/2"}],"replies":[{"embeddable":true,"href":"https:\/\/reckinger-alfred.lu\/fr\/wp-json\/wp\/v2\/comments?post=1110"}],"version-history":[{"count":7,"href":"https:\/\/reckinger-alfred.lu\/fr\/wp-json\/wp\/v2\/posts\/1110\/revisions"}],"predecessor-version":[{"id":4087,"href":"https:\/\/reckinger-alfred.lu\/fr\/wp-json\/wp\/v2\/posts\/1110\/revisions\/4087"}],"wp:featuredmedia":[{"embeddable":true,"href":"https:\/\/reckinger-alfred.lu\/fr\/wp-json\/wp\/v2\/media\/1111"}],"wp:attachment":[{"href":"https:\/\/reckinger-alfred.lu\/fr\/wp-json\/wp\/v2\/media?parent=1110"}],"wp:term":[{"taxonomy":"category","embeddable":true,"href":"https:\/\/reckinger-alfred.lu\/fr\/wp-json\/wp\/v2\/categories?post=1110"},{"taxonomy":"post_tag","embeddable":true,"href":"https:\/\/reckinger-alfred.lu\/fr\/wp-json\/wp\/v2\/tags?post=1110"}],"curies":[{"name":"wp","href":"https:\/\/api.w.org\/{rel}","templated":true}]}}