{"id":1064,"date":"2021-10-26T10:59:09","date_gmt":"2021-10-26T08:59:09","guid":{"rendered":"https:\/\/reckinger-alfred.lu\/?p=1064"},"modified":"2022-03-23T15:49:52","modified_gmt":"2022-03-23T14:49:52","slug":"visite-de-jeunes-eleves-du-lycee-technique-guillaume-kroll","status":"publish","type":"post","link":"https:\/\/reckinger-alfred.lu\/fr\/visite-de-jeunes-eleves-du-lycee-technique-guillaume-kroll\/","title":{"rendered":"Visite de jeunes \u00e9l\u00e8ves du Lyc\u00e9e Technique Guillaume Kroll"},"content":{"rendered":"<div class=\"kvgmc6g5 cxmmr5t8 oygrvhab hcukyx3x c1et5uql ii04i59q\">\n<div dir=\"auto\">\n<p>Le 26 octobre 2021, nous avons re\u00e7u 6 jeunes \u00e9l\u00e8ves de 5\u00e8me du Lyc\u00e9e Technique Guillaume Kroll, en recherche d&#8217;orientation pour leur apprentissage.<\/p>\n<p>Au programme, visite compl\u00e8te de l&#8217;entreprise et entretiens avec nos collaborateurs et responsables repr\u00e9sentatifs des diff\u00e9rents d\u00e9partements de la soci\u00e9t\u00e9.<\/p>\n<p>Ces jeunes \u00e9l\u00e8ves ont ainsi pu d\u00e9couvrir, dans un cadre r\u00e9aliste, diff\u00e9rents m\u00e9tiers techniques de notre secteur d&#8217;activit\u00e9, ainsi que le fonctionnement pratique de notre l&#8217;entreprise.<\/p>\n<p>Bilan de la matin\u00e9e : d\u00e9j\u00e0 3 candidats stagiaires ou apprentis pr\u00eats \u00e0 approfondir cette voie.<\/p>\n<\/div>\n<\/div>\n","protected":false},"excerpt":{"rendered":"<p>Nous avons re\u00e7u 6 jeunes \u00e9l\u00e8ves de 5\u00e8me du Lyc\u00e9e Technique Guillaume Kroll, en recherche d&#8217;orientation pour leur apprentissage&#8230;<\/p>\n","protected":false},"author":2,"featured_media":1079,"comment_status":"open","ping_status":"open","sticky":false,"template":"","format":"standard","meta":{"inline_featured_image":false,"footnotes":""},"categories":[12],"tags":[],"class_list":["post-1064","post","type-post","status-publish","format-standard","has-post-thumbnail","hentry","category-actualites"],"acf":[],"yoast_head":"<!-- This site is optimized with the Yoast SEO plugin v23.9 - https:\/\/yoast.com\/wordpress\/plugins\/seo\/ -->\n<title>Visite de jeunes \u00e9l\u00e8ves du Lyc\u00e9e Technique Guillaume Kroll : Reckinger Alfred S.A.<\/title>\n<meta name=\"description\" content=\"Le 26 octobre 2021, nous avons re\u00e7u 6 jeunes \u00e9l\u00e8ves de 5\u00e8me du Lyc\u00e9e Technique Guillaume Kroll, en recherche d&#039;orientation pour leur apprentissage.\" \/>\n<meta name=\"robots\" content=\"index, follow, max-snippet:-1, max-image-preview:large, max-video-preview:-1\" \/>\n<link rel=\"canonical\" href=\"https:\/\/reckinger-alfred.lu\/fr\/visite-de-jeunes-eleves-du-lycee-technique-guillaume-kroll\/\" \/>\n<meta property=\"og:locale\" content=\"fr_FR\" \/>\n<meta property=\"og:type\" content=\"article\" \/>\n<meta property=\"og:title\" content=\"Visite de jeunes \u00e9l\u00e8ves du Lyc\u00e9e Technique Guillaume Kroll : Reckinger Alfred S.A.\" \/>\n<meta property=\"og:description\" content=\"Le 26 octobre 2021, nous avons re\u00e7u 6 jeunes \u00e9l\u00e8ves de 5\u00e8me du Lyc\u00e9e Technique Guillaume Kroll, en recherche d&#039;orientation pour leur apprentissage.\" \/>\n<meta property=\"og:url\" content=\"https:\/\/reckinger-alfred.lu\/fr\/visite-de-jeunes-eleves-du-lycee-technique-guillaume-kroll\/\" \/>\n<meta property=\"og:site_name\" content=\"Reckinger Alfred S.A.\" \/>\n<meta property=\"article:publisher\" content=\"https:\/\/www.facebook.com\/reckinger.air.eau\/\" \/>\n<meta property=\"article:published_time\" content=\"2021-10-26T08:59:09+00:00\" \/>\n<meta property=\"article:modified_time\" content=\"2022-03-23T14:49:52+00:00\" \/>\n<meta property=\"og:image\" content=\"https:\/\/reckinger-alfred.lu\/app\/uploads\/2021\/11\/1-1-scaled.jpg\" \/>\n\t<meta property=\"og:image:width\" content=\"2560\" \/>\n\t<meta property=\"og:image:height\" content=\"1714\" \/>\n\t<meta property=\"og:image:type\" content=\"image\/jpeg\" \/>\n<meta name=\"author\" content=\"Anastassia Krivov\" \/>\n<meta name=\"twitter:card\" content=\"summary_large_image\" \/>\n<meta name=\"twitter:label1\" content=\"Written by\" \/>\n\t<meta name=\"twitter:data1\" content=\"Anastassia Krivov\" \/>\n<script type=\"application\/ld+json\" class=\"yoast-schema-graph\">{\"@context\":\"https:\/\/schema.org\",\"@graph\":[{\"@type\":\"Article\",\"@id\":\"https:\/\/reckinger-alfred.lu\/fr\/visite-de-jeunes-eleves-du-lycee-technique-guillaume-kroll\/#article\",\"isPartOf\":{\"@id\":\"https:\/\/reckinger-alfred.lu\/fr\/visite-de-jeunes-eleves-du-lycee-technique-guillaume-kroll\/\"},\"author\":{\"name\":\"Anastassia Krivov\",\"@id\":\"https:\/\/reckinger-alfred.lu\/fr\/#\/schema\/person\/68f91e4250f652d446ba0cb77c37fb02\"},\"headline\":\"Visite de jeunes \u00e9l\u00e8ves du Lyc\u00e9e Technique Guillaume Kroll\",\"datePublished\":\"2021-10-26T08:59:09+00:00\",\"dateModified\":\"2022-03-23T14:49:52+00:00\",\"mainEntityOfPage\":{\"@id\":\"https:\/\/reckinger-alfred.lu\/fr\/visite-de-jeunes-eleves-du-lycee-technique-guillaume-kroll\/\"},\"wordCount\":106,\"commentCount\":0,\"publisher\":{\"@id\":\"https:\/\/reckinger-alfred.lu\/fr\/#organization\"},\"image\":{\"@id\":\"https:\/\/reckinger-alfred.lu\/fr\/visite-de-jeunes-eleves-du-lycee-technique-guillaume-kroll\/#primaryimage\"},\"thumbnailUrl\":\"https:\/\/reckinger-alfred.lu\/app\/uploads\/2021\/11\/1-1-scaled.jpg\",\"articleSection\":[\"Actualit\u00e9s\"],\"inLanguage\":\"fr-FR\",\"potentialAction\":[{\"@type\":\"CommentAction\",\"name\":\"Comment\",\"target\":[\"https:\/\/reckinger-alfred.lu\/fr\/visite-de-jeunes-eleves-du-lycee-technique-guillaume-kroll\/#respond\"]}]},{\"@type\":\"WebPage\",\"@id\":\"https:\/\/reckinger-alfred.lu\/fr\/visite-de-jeunes-eleves-du-lycee-technique-guillaume-kroll\/\",\"url\":\"https:\/\/reckinger-alfred.lu\/fr\/visite-de-jeunes-eleves-du-lycee-technique-guillaume-kroll\/\",\"name\":\"Visite de jeunes \u00e9l\u00e8ves du Lyc\u00e9e Technique Guillaume Kroll : Reckinger Alfred S.A.\",\"isPartOf\":{\"@id\":\"https:\/\/reckinger-alfred.lu\/fr\/#website\"},\"primaryImageOfPage\":{\"@id\":\"https:\/\/reckinger-alfred.lu\/fr\/visite-de-jeunes-eleves-du-lycee-technique-guillaume-kroll\/#primaryimage\"},\"image\":{\"@id\":\"https:\/\/reckinger-alfred.lu\/fr\/visite-de-jeunes-eleves-du-lycee-technique-guillaume-kroll\/#primaryimage\"},\"thumbnailUrl\":\"https:\/\/reckinger-alfred.lu\/app\/uploads\/2021\/11\/1-1-scaled.jpg\",\"datePublished\":\"2021-10-26T08:59:09+00:00\",\"dateModified\":\"2022-03-23T14:49:52+00:00\",\"description\":\"Le 26 octobre 2021, nous avons re\u00e7u 6 jeunes \u00e9l\u00e8ves de 5\u00e8me du Lyc\u00e9e Technique Guillaume Kroll, en recherche d'orientation pour leur apprentissage.\",\"breadcrumb\":{\"@id\":\"https:\/\/reckinger-alfred.lu\/fr\/visite-de-jeunes-eleves-du-lycee-technique-guillaume-kroll\/#breadcrumb\"},\"inLanguage\":\"fr-FR\",\"potentialAction\":[{\"@type\":\"ReadAction\",\"target\":[\"https:\/\/reckinger-alfred.lu\/fr\/visite-de-jeunes-eleves-du-lycee-technique-guillaume-kroll\/\"]}]},{\"@type\":\"ImageObject\",\"inLanguage\":\"fr-FR\",\"@id\":\"https:\/\/reckinger-alfred.lu\/fr\/visite-de-jeunes-eleves-du-lycee-technique-guillaume-kroll\/#primaryimage\",\"url\":\"https:\/\/reckinger-alfred.lu\/app\/uploads\/2021\/11\/1-1-scaled.jpg\",\"contentUrl\":\"https:\/\/reckinger-alfred.lu\/app\/uploads\/2021\/11\/1-1-scaled.jpg\",\"width\":2560,\"height\":1714},{\"@type\":\"BreadcrumbList\",\"@id\":\"https:\/\/reckinger-alfred.lu\/fr\/visite-de-jeunes-eleves-du-lycee-technique-guillaume-kroll\/#breadcrumb\",\"itemListElement\":[{\"@type\":\"ListItem\",\"position\":1,\"name\":\"Home\",\"item\":\"https:\/\/reckinger-alfred.lu\/fr\/\"},{\"@type\":\"ListItem\",\"position\":2,\"name\":\"Visite de jeunes \u00e9l\u00e8ves du Lyc\u00e9e Technique Guillaume Kroll\"}]},{\"@type\":\"WebSite\",\"@id\":\"https:\/\/reckinger-alfred.lu\/fr\/#website\",\"url\":\"https:\/\/reckinger-alfred.lu\/fr\/\",\"name\":\"Reckinger Alfred S.A.\",\"description\":\"Air et Eau depuis 1911\",\"publisher\":{\"@id\":\"https:\/\/reckinger-alfred.lu\/fr\/#organization\"},\"potentialAction\":[{\"@type\":\"SearchAction\",\"target\":{\"@type\":\"EntryPoint\",\"urlTemplate\":\"https:\/\/reckinger-alfred.lu\/fr\/?s={search_term_string}\"},\"query-input\":{\"@type\":\"PropertyValueSpecification\",\"valueRequired\":true,\"valueName\":\"search_term_string\"}}],\"inLanguage\":\"fr-FR\"},{\"@type\":\"Organization\",\"@id\":\"https:\/\/reckinger-alfred.lu\/fr\/#organization\",\"name\":\"Reckinger Alfred S.A.\",\"url\":\"https:\/\/reckinger-alfred.lu\/fr\/\",\"logo\":{\"@type\":\"ImageObject\",\"inLanguage\":\"fr-FR\",\"@id\":\"https:\/\/reckinger-alfred.lu\/fr\/#\/schema\/logo\/image\/\",\"url\":\"https:\/\/reckinger-alfred.lu\/app\/uploads\/2021\/10\/logo-reckinger-color@2x.png\",\"contentUrl\":\"https:\/\/reckinger-alfred.lu\/app\/uploads\/2021\/10\/logo-reckinger-color@2x.png\",\"width\":372,\"height\":123,\"caption\":\"Reckinger Alfred S.A.\"},\"image\":{\"@id\":\"https:\/\/reckinger-alfred.lu\/fr\/#\/schema\/logo\/image\/\"},\"sameAs\":[\"https:\/\/www.facebook.com\/reckinger.air.eau\/\",\"https:\/\/www.instagram.com\/reckingeralfred.sa\/\"]},{\"@type\":\"Person\",\"@id\":\"https:\/\/reckinger-alfred.lu\/fr\/#\/schema\/person\/68f91e4250f652d446ba0cb77c37fb02\",\"name\":\"Anastassia Krivov\",\"image\":{\"@type\":\"ImageObject\",\"inLanguage\":\"fr-FR\",\"@id\":\"https:\/\/reckinger-alfred.lu\/fr\/#\/schema\/person\/image\/\",\"url\":\"https:\/\/secure.gravatar.com\/avatar\/63c428ce711fcc5e6b44307459ba7b89?s=96&d=mm&r=g\",\"contentUrl\":\"https:\/\/secure.gravatar.com\/avatar\/63c428ce711fcc5e6b44307459ba7b89?s=96&d=mm&r=g\",\"caption\":\"Anastassia Krivov\"}}]}<\/script>\n<!-- \/ Yoast SEO plugin. -->","yoast_head_json":{"title":"Visite de jeunes \u00e9l\u00e8ves du Lyc\u00e9e Technique Guillaume Kroll : Reckinger Alfred S.A.","description":"Le 26 octobre 2021, nous avons re\u00e7u 6 jeunes \u00e9l\u00e8ves de 5\u00e8me du Lyc\u00e9e Technique Guillaume Kroll, en recherche d'orientation pour leur apprentissage.","robots":{"index":"index","follow":"follow","max-snippet":"max-snippet:-1","max-image-preview":"max-image-preview:large","max-video-preview":"max-video-preview:-1"},"canonical":"https:\/\/reckinger-alfred.lu\/fr\/visite-de-jeunes-eleves-du-lycee-technique-guillaume-kroll\/","og_locale":"fr_FR","og_type":"article","og_title":"Visite de jeunes \u00e9l\u00e8ves du Lyc\u00e9e Technique Guillaume Kroll : Reckinger Alfred S.A.","og_description":"Le 26 octobre 2021, nous avons re\u00e7u 6 jeunes \u00e9l\u00e8ves de 5\u00e8me du Lyc\u00e9e Technique Guillaume Kroll, en recherche d'orientation pour leur apprentissage.","og_url":"https:\/\/reckinger-alfred.lu\/fr\/visite-de-jeunes-eleves-du-lycee-technique-guillaume-kroll\/","og_site_name":"Reckinger Alfred S.A.","article_publisher":"https:\/\/www.facebook.com\/reckinger.air.eau\/","article_published_time":"2021-10-26T08:59:09+00:00","article_modified_time":"2022-03-23T14:49:52+00:00","og_image":[{"width":2560,"height":1714,"url":"https:\/\/reckinger-alfred.lu\/app\/uploads\/2021\/11\/1-1-scaled.jpg","type":"image\/jpeg"}],"author":"Anastassia Krivov","twitter_card":"summary_large_image","twitter_misc":{"Written by":"Anastassia Krivov"},"schema":{"@context":"https:\/\/schema.org","@graph":[{"@type":"Article","@id":"https:\/\/reckinger-alfred.lu\/fr\/visite-de-jeunes-eleves-du-lycee-technique-guillaume-kroll\/#article","isPartOf":{"@id":"https:\/\/reckinger-alfred.lu\/fr\/visite-de-jeunes-eleves-du-lycee-technique-guillaume-kroll\/"},"author":{"name":"Anastassia Krivov","@id":"https:\/\/reckinger-alfred.lu\/fr\/#\/schema\/person\/68f91e4250f652d446ba0cb77c37fb02"},"headline":"Visite de jeunes \u00e9l\u00e8ves du Lyc\u00e9e Technique Guillaume Kroll","datePublished":"2021-10-26T08:59:09+00:00","dateModified":"2022-03-23T14:49:52+00:00","mainEntityOfPage":{"@id":"https:\/\/reckinger-alfred.lu\/fr\/visite-de-jeunes-eleves-du-lycee-technique-guillaume-kroll\/"},"wordCount":106,"commentCount":0,"publisher":{"@id":"https:\/\/reckinger-alfred.lu\/fr\/#organization"},"image":{"@id":"https:\/\/reckinger-alfred.lu\/fr\/visite-de-jeunes-eleves-du-lycee-technique-guillaume-kroll\/#primaryimage"},"thumbnailUrl":"https:\/\/reckinger-alfred.lu\/app\/uploads\/2021\/11\/1-1-scaled.jpg","articleSection":["Actualit\u00e9s"],"inLanguage":"fr-FR","potentialAction":[{"@type":"CommentAction","name":"Comment","target":["https:\/\/reckinger-alfred.lu\/fr\/visite-de-jeunes-eleves-du-lycee-technique-guillaume-kroll\/#respond"]}]},{"@type":"WebPage","@id":"https:\/\/reckinger-alfred.lu\/fr\/visite-de-jeunes-eleves-du-lycee-technique-guillaume-kroll\/","url":"https:\/\/reckinger-alfred.lu\/fr\/visite-de-jeunes-eleves-du-lycee-technique-guillaume-kroll\/","name":"Visite de jeunes \u00e9l\u00e8ves du Lyc\u00e9e Technique Guillaume Kroll : Reckinger Alfred S.A.","isPartOf":{"@id":"https:\/\/reckinger-alfred.lu\/fr\/#website"},"primaryImageOfPage":{"@id":"https:\/\/reckinger-alfred.lu\/fr\/visite-de-jeunes-eleves-du-lycee-technique-guillaume-kroll\/#primaryimage"},"image":{"@id":"https:\/\/reckinger-alfred.lu\/fr\/visite-de-jeunes-eleves-du-lycee-technique-guillaume-kroll\/#primaryimage"},"thumbnailUrl":"https:\/\/reckinger-alfred.lu\/app\/uploads\/2021\/11\/1-1-scaled.jpg","datePublished":"2021-10-26T08:59:09+00:00","dateModified":"2022-03-23T14:49:52+00:00","description":"Le 26 octobre 2021, nous avons re\u00e7u 6 jeunes \u00e9l\u00e8ves de 5\u00e8me du Lyc\u00e9e Technique Guillaume Kroll, en recherche d'orientation pour leur apprentissage.","breadcrumb":{"@id":"https:\/\/reckinger-alfred.lu\/fr\/visite-de-jeunes-eleves-du-lycee-technique-guillaume-kroll\/#breadcrumb"},"inLanguage":"fr-FR","potentialAction":[{"@type":"ReadAction","target":["https:\/\/reckinger-alfred.lu\/fr\/visite-de-jeunes-eleves-du-lycee-technique-guillaume-kroll\/"]}]},{"@type":"ImageObject","inLanguage":"fr-FR","@id":"https:\/\/reckinger-alfred.lu\/fr\/visite-de-jeunes-eleves-du-lycee-technique-guillaume-kroll\/#primaryimage","url":"https:\/\/reckinger-alfred.lu\/app\/uploads\/2021\/11\/1-1-scaled.jpg","contentUrl":"https:\/\/reckinger-alfred.lu\/app\/uploads\/2021\/11\/1-1-scaled.jpg","width":2560,"height":1714},{"@type":"BreadcrumbList","@id":"https:\/\/reckinger-alfred.lu\/fr\/visite-de-jeunes-eleves-du-lycee-technique-guillaume-kroll\/#breadcrumb","itemListElement":[{"@type":"ListItem","position":1,"name":"Home","item":"https:\/\/reckinger-alfred.lu\/fr\/"},{"@type":"ListItem","position":2,"name":"Visite de jeunes \u00e9l\u00e8ves du Lyc\u00e9e Technique Guillaume Kroll"}]},{"@type":"WebSite","@id":"https:\/\/reckinger-alfred.lu\/fr\/#website","url":"https:\/\/reckinger-alfred.lu\/fr\/","name":"Reckinger Alfred S.A.","description":"Air et Eau depuis 1911","publisher":{"@id":"https:\/\/reckinger-alfred.lu\/fr\/#organization"},"potentialAction":[{"@type":"SearchAction","target":{"@type":"EntryPoint","urlTemplate":"https:\/\/reckinger-alfred.lu\/fr\/?s={search_term_string}"},"query-input":{"@type":"PropertyValueSpecification","valueRequired":true,"valueName":"search_term_string"}}],"inLanguage":"fr-FR"},{"@type":"Organization","@id":"https:\/\/reckinger-alfred.lu\/fr\/#organization","name":"Reckinger Alfred S.A.","url":"https:\/\/reckinger-alfred.lu\/fr\/","logo":{"@type":"ImageObject","inLanguage":"fr-FR","@id":"https:\/\/reckinger-alfred.lu\/fr\/#\/schema\/logo\/image\/","url":"https:\/\/reckinger-alfred.lu\/app\/uploads\/2021\/10\/logo-reckinger-color@2x.png","contentUrl":"https:\/\/reckinger-alfred.lu\/app\/uploads\/2021\/10\/logo-reckinger-color@2x.png","width":372,"height":123,"caption":"Reckinger Alfred S.A."},"image":{"@id":"https:\/\/reckinger-alfred.lu\/fr\/#\/schema\/logo\/image\/"},"sameAs":["https:\/\/www.facebook.com\/reckinger.air.eau\/","https:\/\/www.instagram.com\/reckingeralfred.sa\/"]},{"@type":"Person","@id":"https:\/\/reckinger-alfred.lu\/fr\/#\/schema\/person\/68f91e4250f652d446ba0cb77c37fb02","name":"Anastassia Krivov","image":{"@type":"ImageObject","inLanguage":"fr-FR","@id":"https:\/\/reckinger-alfred.lu\/fr\/#\/schema\/person\/image\/","url":"https:\/\/secure.gravatar.com\/avatar\/63c428ce711fcc5e6b44307459ba7b89?s=96&d=mm&r=g","contentUrl":"https:\/\/secure.gravatar.com\/avatar\/63c428ce711fcc5e6b44307459ba7b89?s=96&d=mm&r=g","caption":"Anastassia Krivov"}}]}},"_links":{"self":[{"href":"https:\/\/reckinger-alfred.lu\/fr\/wp-json\/wp\/v2\/posts\/1064","targetHints":{"allow":["GET"]}}],"collection":[{"href":"https:\/\/reckinger-alfred.lu\/fr\/wp-json\/wp\/v2\/posts"}],"about":[{"href":"https:\/\/reckinger-alfred.lu\/fr\/wp-json\/wp\/v2\/types\/post"}],"author":[{"embeddable":true,"href":"https:\/\/reckinger-alfred.lu\/fr\/wp-json\/wp\/v2\/users\/2"}],"replies":[{"embeddable":true,"href":"https:\/\/reckinger-alfred.lu\/fr\/wp-json\/wp\/v2\/comments?post=1064"}],"version-history":[{"count":6,"href":"https:\/\/reckinger-alfred.lu\/fr\/wp-json\/wp\/v2\/posts\/1064\/revisions"}],"predecessor-version":[{"id":1188,"href":"https:\/\/reckinger-alfred.lu\/fr\/wp-json\/wp\/v2\/posts\/1064\/revisions\/1188"}],"wp:featuredmedia":[{"embeddable":true,"href":"https:\/\/reckinger-alfred.lu\/fr\/wp-json\/wp\/v2\/media\/1079"}],"wp:attachment":[{"href":"https:\/\/reckinger-alfred.lu\/fr\/wp-json\/wp\/v2\/media?parent=1064"}],"wp:term":[{"taxonomy":"category","embeddable":true,"href":"https:\/\/reckinger-alfred.lu\/fr\/wp-json\/wp\/v2\/categories?post=1064"},{"taxonomy":"post_tag","embeddable":true,"href":"https:\/\/reckinger-alfred.lu\/fr\/wp-json\/wp\/v2\/tags?post=1064"}],"curies":[{"name":"wp","href":"https:\/\/api.w.org\/{rel}","templated":true}]}}